{"id":102982,"date":"2014-10-14T17:03:56","date_gmt":"2014-10-14T20:03:56","guid":{"rendered":"http:\/\/www.quersaberpolitica.com.br\/?p=102982"},"modified":"2014-10-14T16:06:30","modified_gmt":"2014-10-14T19:06:30","slug":"romario-nao-descarta-ser-ministro-se-aecio-ganhar-a-eleicao","status":"publish","type":"post","link":"https:\/\/blogdofarnesio.com.br\/?p=102982","title":{"rendered":"ROM\u00c1RIO N\u00c3O DESCARTA SER MINISTRO SE A\u00c9CIO GANHAR A ELEI\u00c7\u00c3O"},"content":{"rendered":"<div>\n<div><img decoding=\"async\" class=\"aligncenter\" title=\"Rom\u00e1rio diz que n\u00e3o descarta ser ministro no futuro\" alt=\"Rom\u00e1rio diz que n\u00e3o descarta ser ministro no futuro\" src=\"http:\/\/www.bahianoticias.com.br\/fotos\/estadao_noticias\/56518\/xIMAGEM_NOTICIA_5.jpg.pagespeed.ic.P7omwCy-br.jpg\" \/><\/p>\n<div>Foto: Luiz Fernando Teixeira\/ Bahia Not\u00edcias<\/div>\n<\/div>\n<div><\/div>\n<\/div>\n<div style=\"text-align: justify\">Nove dias depois de ser eleito senador, o ex-jogador e deputado federal Rom\u00e1rio (PSB-RJ) participou nesta ter\u00e7a-feira (14) de mais uma vota\u00e7\u00e3o, do Conselho Deliberativo de seu clube de cora\u00e7\u00e3o, America. Cobi\u00e7ado como cabo eleitoral, gra\u00e7as aos 4,6 milh\u00f5es (63,4% dos v\u00e1lidos) de votos que recebeu, Rom\u00e1rio disse que teve de adiar encontro marcado com o candidato do PSDB a presidente, A\u00e9cio Neves, e que espera novo contado do tucano.<\/div>\n<div style=\"text-align: justify\"><\/div>\n<div style=\"text-align: justify\">O deputado j\u00e1 descartou apoio \u00e0 presidente Dilma Rousseff e disse que A\u00e9cio, em conversa por telefone, se disp\u00f4s a encampar as tr\u00eas reivindica\u00e7\u00f5es do ex-jogador: cria\u00e7\u00e3o de centros de diagn\u00f3stico e tratamento para pessoas com defici\u00eancia e doen\u00e7as raras; expans\u00e3o do esporte para \u00e1reas carentes e nova pol\u00edtica de preven\u00e7\u00e3o de drogas, especialmente crack, com aten\u00e7\u00e3o aos dependentes.<\/div>\n<div style=\"text-align: justify\"><\/div>\n<div style=\"text-align: justify\">Questionado se aceitaria um convite para ocupar o Minist\u00e9rio do Esporte, o Baixinho respondeu: &#8220;Quero cumprir meu mandato de senador. \u00c9 uma possibilidade que eu n\u00e3o vou descartar mais para frente&#8221;.<!--more-->\u00a0No domingo (12), Rom\u00e1rio anunciou apoio \u00e0 reelei\u00e7\u00e3o do governador Luiz Fernando Pez\u00e3o (PMDB), que disputa o segundo turno com o senador Marcelo Crivella (PRB).<\/div>\n<div style=\"text-align: justify\"><\/div>\n<div style=\"text-align: justify\">O ex-jogador disse que dever\u00e1 participar de uma carreata ao lado de Pez\u00e3o em S\u00e3o Gon\u00e7alo (regi\u00e3o metropolitana), no pr\u00f3ximo s\u00e1bado (18).\u00a0O Baixinho votou pela manh\u00e3 na chapa \u00fanica do Conselho Deliberativo, no Club Municipal, na Tijuca (zona norte). Em novembro, os conselheiros eleger\u00e3o Rom\u00e1rio, candidato \u00fanico, presidente do America.\u00a0O senador eleito disse que vai conciliar as fun\u00e7\u00f5es de parlamentar e dirigente. &#8220;O clube n\u00e3o precisa da minha presen\u00e7a f\u00edsica.<\/div>\n<div style=\"text-align: justify\"><\/div>\n<div style=\"text-align: justify\">Nos fins de semana estou sempre no Rio. Al\u00e9m disso, posso despachar depois do expediente no Senado&#8221;, afirmou. Rom\u00e1rio planeja adotar no America o modelo de clube-empresa, com uma equipe respons\u00e1vel pela administra\u00e7\u00e3o. O deputado deve embarcar nesta tarde para Bras\u00edlia.<\/div>\n","protected":false},"excerpt":{"rendered":"<p>Foto: Luiz Fernando Teixeira\/ Bahia Not\u00edcias Nove dias depois de ser eleito senador, o ex-jogador e deputado federal Rom\u00e1rio (PSB-RJ) participou nesta ter\u00e7a-feira (14) de mais uma vota\u00e7\u00e3o, do Conselho Deliberativo de seu clube de cora\u00e7\u00e3o, America. Cobi\u00e7ado como cabo eleitoral, gra\u00e7as aos 4,6 milh\u00f5es (63,4% dos v\u00e1lidos) de votos que recebeu, Rom\u00e1rio disse que teve de adiar encontro marcado com o candidato do PSDB a presidente, A\u00e9cio Neves, e que espera novo contado do tucano. O deputado j\u00e1 descartou apoio \u00e0 presidente Dilma Rousseff e disse que A\u00e9cio, em conversa por telefone, se disp\u00f4s a encampar as tr\u00eas reivindica\u00e7\u00f5es do ex-jogador: cria\u00e7\u00e3o de centros de diagn\u00f3stico e tratamento para pessoas com defici\u00eancia e doen\u00e7as raras; expans\u00e3o do esporte para&hellip; <\/p>\n","protected":false},"author":3,"featured_media":0,"comment_status":"open","ping_status":"open","sticky":false,"template":"","format":"standard","meta":{"_acf_changed":false,"footnotes":""},"categories":[1],"tags":[],"class_list":["post-102982","post","type-post","status-publish","format-standard","hentry","category-politica"],"acf":[],"yoast_head":"<!-- This site is optimized with the Yoast SEO plugin v27.4 - https:\/\/yoast.com\/product\/yoast-seo-wordpress\/ -->\n<title>ROM\u00c1RIO N\u00c3O DESCARTA SER MINISTRO SE A\u00c9CIO GANHAR A ELEI\u00c7\u00c3O - Blog do Farn\u00e9sio<\/title>\n<meta name=\"robots\" content=\"index, follow, max-snippet:-1, max-image-preview:large, max-video-preview:-1\" \/>\n<link rel=\"canonical\" href=\"https:\/\/blogdofarnesio.com.br\/?p=102982\" \/>\n<meta property=\"og:locale\" content=\"pt_BR\" \/>\n<meta property=\"og:type\" content=\"article\" \/>\n<meta property=\"og:title\" content=\"ROM\u00c1RIO N\u00c3O DESCARTA SER MINISTRO SE A\u00c9CIO GANHAR A ELEI\u00c7\u00c3O - Blog do Farn\u00e9sio\" \/>\n<meta property=\"og:description\" content=\"Foto: Luiz Fernando Teixeira\/ Bahia Not\u00edcias Nove dias depois de ser eleito senador, o ex-jogador e deputado federal Rom\u00e1rio (PSB-RJ) participou nesta ter\u00e7a-feira (14) de mais uma vota\u00e7\u00e3o, do Conselho Deliberativo de seu clube de cora\u00e7\u00e3o, America. Cobi\u00e7ado como cabo eleitoral, gra\u00e7as aos 4,6 milh\u00f5es (63,4% dos v\u00e1lidos) de votos que recebeu, Rom\u00e1rio disse que teve de adiar encontro marcado com o candidato do PSDB a presidente, A\u00e9cio Neves, e que espera novo contado do tucano. O deputado j\u00e1 descartou apoio \u00e0 presidente Dilma Rousseff e disse que A\u00e9cio, em conversa por telefone, se disp\u00f4s a encampar as tr\u00eas reivindica\u00e7\u00f5es do ex-jogador: cria\u00e7\u00e3o de centros de diagn\u00f3stico e tratamento para pessoas com defici\u00eancia e doen\u00e7as raras; expans\u00e3o do esporte para&hellip;\" \/>\n<meta property=\"og:url\" content=\"https:\/\/blogdofarnesio.com.br\/?p=102982\" \/>\n<meta property=\"og:site_name\" content=\"Blog do Farn\u00e9sio\" \/>\n<meta property=\"article:publisher\" content=\"https:\/\/www.facebook.com\/BlogQuerSaberPolitica\/\" \/>\n<meta property=\"article:published_time\" content=\"2014-10-14T20:03:56+00:00\" \/>\n<meta property=\"og:image\" content=\"http:\/\/www.bahianoticias.com.br\/fotos\/estadao_noticias\/56518\/xIMAGEM_NOTICIA_5.jpg.pagespeed.ic.P7omwCy-br.jpg\" \/>\n<meta name=\"author\" content=\"teste\" \/>\n<meta name=\"twitter:card\" content=\"summary_large_image\" \/>\n<meta name=\"twitter:label1\" content=\"Escrito por\" \/>\n\t<meta name=\"twitter:data1\" content=\"teste\" \/>\n\t<meta name=\"twitter:label2\" content=\"Est. tempo de leitura\" \/>\n\t<meta name=\"twitter:data2\" content=\"2 minutos\" \/>\n<script type=\"application\/ld+json\" class=\"yoast-schema-graph\">{\"@context\":\"https:\\\/\\\/schema.org\",\"@graph\":[{\"@type\":\"Article\",\"@id\":\"https:\\\/\\\/blogdofarnesio.com.br\\\/?p=102982#article\",\"isPartOf\":{\"@id\":\"https:\\\/\\\/blogdofarnesio.com.br\\\/?p=102982\"},\"author\":{\"name\":\"teste\",\"@id\":\"https:\\\/\\\/blogdofarnesio.com.br\\\/#\\\/schema\\\/person\\\/dd1bf5eba40b687199ba45ca6b97dff9\"},\"headline\":\"ROM\u00c1RIO N\u00c3O DESCARTA SER MINISTRO SE A\u00c9CIO GANHAR A ELEI\u00c7\u00c3O\",\"datePublished\":\"2014-10-14T20:03:56+00:00\",\"mainEntityOfPage\":{\"@id\":\"https:\\\/\\\/blogdofarnesio.com.br\\\/?p=102982\"},\"wordCount\":355,\"commentCount\":0,\"publisher\":{\"@id\":\"https:\\\/\\\/blogdofarnesio.com.br\\\/#organization\"},\"image\":{\"@id\":\"https:\\\/\\\/blogdofarnesio.com.br\\\/?p=102982#primaryimage\"},\"thumbnailUrl\":\"http:\\\/\\\/www.bahianoticias.com.br\\\/fotos\\\/estadao_noticias\\\/56518\\\/xIMAGEM_NOTICIA_5.jpg.pagespeed.ic.P7omwCy-br.jpg\",\"articleSection\":[\"Pol\u00edtica\"],\"inLanguage\":\"pt-BR\",\"potentialAction\":[{\"@type\":\"CommentAction\",\"name\":\"Comment\",\"target\":[\"https:\\\/\\\/blogdofarnesio.com.br\\\/?p=102982#respond\"]}]},{\"@type\":\"WebPage\",\"@id\":\"https:\\\/\\\/blogdofarnesio.com.br\\\/?p=102982\",\"url\":\"https:\\\/\\\/blogdofarnesio.com.br\\\/?p=102982\",\"name\":\"ROM\u00c1RIO N\u00c3O DESCARTA SER MINISTRO SE A\u00c9CIO GANHAR A ELEI\u00c7\u00c3O - Blog do Farn\u00e9sio\",\"isPartOf\":{\"@id\":\"https:\\\/\\\/blogdofarnesio.com.br\\\/#website\"},\"primaryImageOfPage\":{\"@id\":\"https:\\\/\\\/blogdofarnesio.com.br\\\/?p=102982#primaryimage\"},\"image\":{\"@id\":\"https:\\\/\\\/blogdofarnesio.com.br\\\/?p=102982#primaryimage\"},\"thumbnailUrl\":\"http:\\\/\\\/www.bahianoticias.com.br\\\/fotos\\\/estadao_noticias\\\/56518\\\/xIMAGEM_NOTICIA_5.jpg.pagespeed.ic.P7omwCy-br.jpg\",\"datePublished\":\"2014-10-14T20:03:56+00:00\",\"breadcrumb\":{\"@id\":\"https:\\\/\\\/blogdofarnesio.com.br\\\/?p=102982#breadcrumb\"},\"inLanguage\":\"pt-BR\",\"potentialAction\":[{\"@type\":\"ReadAction\",\"target\":[\"https:\\\/\\\/blogdofarnesio.com.br\\\/?p=102982\"]}]},{\"@type\":\"ImageObject\",\"inLanguage\":\"pt-BR\",\"@id\":\"https:\\\/\\\/blogdofarnesio.com.br\\\/?p=102982#primaryimage\",\"url\":\"http:\\\/\\\/www.bahianoticias.com.br\\\/fotos\\\/estadao_noticias\\\/56518\\\/xIMAGEM_NOTICIA_5.jpg.pagespeed.ic.P7omwCy-br.jpg\",\"contentUrl\":\"http:\\\/\\\/www.bahianoticias.com.br\\\/fotos\\\/estadao_noticias\\\/56518\\\/xIMAGEM_NOTICIA_5.jpg.pagespeed.ic.P7omwCy-br.jpg\"},{\"@type\":\"BreadcrumbList\",\"@id\":\"https:\\\/\\\/blogdofarnesio.com.br\\\/?p=102982#breadcrumb\",\"itemListElement\":[{\"@type\":\"ListItem\",\"position\":1,\"name\":\"In\u00edcio\",\"item\":\"https:\\\/\\\/blogdofarnesio.com.br\\\/\"},{\"@type\":\"ListItem\",\"position\":2,\"name\":\"ROM\u00c1RIO N\u00c3O DESCARTA SER MINISTRO SE A\u00c9CIO GANHAR A ELEI\u00c7\u00c3O\"}]},{\"@type\":\"WebSite\",\"@id\":\"https:\\\/\\\/blogdofarnesio.com.br\\\/#website\",\"url\":\"https:\\\/\\\/blogdofarnesio.com.br\\\/\",\"name\":\"Blog do Farn\u00e9sio\",\"description\":\"Quer Saber Pol\u00edtica?\",\"publisher\":{\"@id\":\"https:\\\/\\\/blogdofarnesio.com.br\\\/#organization\"},\"potentialAction\":[{\"@type\":\"SearchAction\",\"target\":{\"@type\":\"EntryPoint\",\"urlTemplate\":\"https:\\\/\\\/blogdofarnesio.com.br\\\/?s={search_term_string}\"},\"query-input\":{\"@type\":\"PropertyValueSpecification\",\"valueRequired\":true,\"valueName\":\"search_term_string\"}}],\"inLanguage\":\"pt-BR\"},{\"@type\":\"Organization\",\"@id\":\"https:\\\/\\\/blogdofarnesio.com.br\\\/#organization\",\"name\":\"Blog do Farn\u00e9sio\",\"url\":\"https:\\\/\\\/blogdofarnesio.com.br\\\/\",\"logo\":{\"@type\":\"ImageObject\",\"inLanguage\":\"pt-BR\",\"@id\":\"https:\\\/\\\/blogdofarnesio.com.br\\\/#\\\/schema\\\/logo\\\/image\\\/\",\"url\":\"https:\\\/\\\/blogdofarnesio.com.br\\\/wp-content\\\/uploads\\\/2026\\\/03\\\/cropped-logo_new-1.png\",\"contentUrl\":\"https:\\\/\\\/blogdofarnesio.com.br\\\/wp-content\\\/uploads\\\/2026\\\/03\\\/cropped-logo_new-1.png\",\"width\":881,\"height\":685,\"caption\":\"Blog do Farn\u00e9sio\"},\"image\":{\"@id\":\"https:\\\/\\\/blogdofarnesio.com.br\\\/#\\\/schema\\\/logo\\\/image\\\/\"},\"sameAs\":[\"https:\\\/\\\/www.facebook.com\\\/BlogQuerSaberPolitica\\\/\"]},{\"@type\":\"Person\",\"@id\":\"https:\\\/\\\/blogdofarnesio.com.br\\\/#\\\/schema\\\/person\\\/dd1bf5eba40b687199ba45ca6b97dff9\",\"name\":\"teste\",\"image\":{\"@type\":\"ImageObject\",\"inLanguage\":\"pt-BR\",\"@id\":\"https:\\\/\\\/secure.gravatar.com\\\/avatar\\\/2172498d4914b51e1d89a0f97957b035ac4938723a5cac208135d389b6972a6d?s=96&d=mm&r=g\",\"url\":\"https:\\\/\\\/secure.gravatar.com\\\/avatar\\\/2172498d4914b51e1d89a0f97957b035ac4938723a5cac208135d389b6972a6d?s=96&d=mm&r=g\",\"contentUrl\":\"https:\\\/\\\/secure.gravatar.com\\\/avatar\\\/2172498d4914b51e1d89a0f97957b035ac4938723a5cac208135d389b6972a6d?s=96&d=mm&r=g\",\"caption\":\"teste\"},\"url\":\"https:\\\/\\\/blogdofarnesio.com.br\\\/?author=3\"}]}<\/script>\n<!-- \/ Yoast SEO plugin. -->","yoast_head_json":{"title":"ROM\u00c1RIO N\u00c3O DESCARTA SER MINISTRO SE A\u00c9CIO GANHAR A ELEI\u00c7\u00c3O - Blog do Farn\u00e9sio","robots":{"index":"index","follow":"follow","max-snippet":"max-snippet:-1","max-image-preview":"max-image-preview:large","max-video-preview":"max-video-preview:-1"},"canonical":"https:\/\/blogdofarnesio.com.br\/?p=102982","og_locale":"pt_BR","og_type":"article","og_title":"ROM\u00c1RIO N\u00c3O DESCARTA SER MINISTRO SE A\u00c9CIO GANHAR A ELEI\u00c7\u00c3O - Blog do Farn\u00e9sio","og_description":"Foto: Luiz Fernando Teixeira\/ Bahia Not\u00edcias Nove dias depois de ser eleito senador, o ex-jogador e deputado federal Rom\u00e1rio (PSB-RJ) participou nesta ter\u00e7a-feira (14) de mais uma vota\u00e7\u00e3o, do Conselho Deliberativo de seu clube de cora\u00e7\u00e3o, America. Cobi\u00e7ado como cabo eleitoral, gra\u00e7as aos 4,6 milh\u00f5es (63,4% dos v\u00e1lidos) de votos que recebeu, Rom\u00e1rio disse que teve de adiar encontro marcado com o candidato do PSDB a presidente, A\u00e9cio Neves, e que espera novo contado do tucano. O deputado j\u00e1 descartou apoio \u00e0 presidente Dilma Rousseff e disse que A\u00e9cio, em conversa por telefone, se disp\u00f4s a encampar as tr\u00eas reivindica\u00e7\u00f5es do ex-jogador: cria\u00e7\u00e3o de centros de diagn\u00f3stico e tratamento para pessoas com defici\u00eancia e doen\u00e7as raras; expans\u00e3o do esporte para&hellip;","og_url":"https:\/\/blogdofarnesio.com.br\/?p=102982","og_site_name":"Blog do Farn\u00e9sio","article_publisher":"https:\/\/www.facebook.com\/BlogQuerSaberPolitica\/","article_published_time":"2014-10-14T20:03:56+00:00","og_image":[{"url":"http:\/\/www.bahianoticias.com.br\/fotos\/estadao_noticias\/56518\/xIMAGEM_NOTICIA_5.jpg.pagespeed.ic.P7omwCy-br.jpg","type":"","width":"","height":""}],"author":"teste","twitter_card":"summary_large_image","twitter_misc":{"Escrito por":"teste","Est. tempo de leitura":"2 minutos"},"schema":{"@context":"https:\/\/schema.org","@graph":[{"@type":"Article","@id":"https:\/\/blogdofarnesio.com.br\/?p=102982#article","isPartOf":{"@id":"https:\/\/blogdofarnesio.com.br\/?p=102982"},"author":{"name":"teste","@id":"https:\/\/blogdofarnesio.com.br\/#\/schema\/person\/dd1bf5eba40b687199ba45ca6b97dff9"},"headline":"ROM\u00c1RIO N\u00c3O DESCARTA SER MINISTRO SE A\u00c9CIO GANHAR A ELEI\u00c7\u00c3O","datePublished":"2014-10-14T20:03:56+00:00","mainEntityOfPage":{"@id":"https:\/\/blogdofarnesio.com.br\/?p=102982"},"wordCount":355,"commentCount":0,"publisher":{"@id":"https:\/\/blogdofarnesio.com.br\/#organization"},"image":{"@id":"https:\/\/blogdofarnesio.com.br\/?p=102982#primaryimage"},"thumbnailUrl":"http:\/\/www.bahianoticias.com.br\/fotos\/estadao_noticias\/56518\/xIMAGEM_NOTICIA_5.jpg.pagespeed.ic.P7omwCy-br.jpg","articleSection":["Pol\u00edtica"],"inLanguage":"pt-BR","potentialAction":[{"@type":"CommentAction","name":"Comment","target":["https:\/\/blogdofarnesio.com.br\/?p=102982#respond"]}]},{"@type":"WebPage","@id":"https:\/\/blogdofarnesio.com.br\/?p=102982","url":"https:\/\/blogdofarnesio.com.br\/?p=102982","name":"ROM\u00c1RIO N\u00c3O DESCARTA SER MINISTRO SE A\u00c9CIO GANHAR A ELEI\u00c7\u00c3O - Blog do Farn\u00e9sio","isPartOf":{"@id":"https:\/\/blogdofarnesio.com.br\/#website"},"primaryImageOfPage":{"@id":"https:\/\/blogdofarnesio.com.br\/?p=102982#primaryimage"},"image":{"@id":"https:\/\/blogdofarnesio.com.br\/?p=102982#primaryimage"},"thumbnailUrl":"http:\/\/www.bahianoticias.com.br\/fotos\/estadao_noticias\/56518\/xIMAGEM_NOTICIA_5.jpg.pagespeed.ic.P7omwCy-br.jpg","datePublished":"2014-10-14T20:03:56+00:00","breadcrumb":{"@id":"https:\/\/blogdofarnesio.com.br\/?p=102982#breadcrumb"},"inLanguage":"pt-BR","potentialAction":[{"@type":"ReadAction","target":["https:\/\/blogdofarnesio.com.br\/?p=102982"]}]},{"@type":"ImageObject","inLanguage":"pt-BR","@id":"https:\/\/blogdofarnesio.com.br\/?p=102982#primaryimage","url":"http:\/\/www.bahianoticias.com.br\/fotos\/estadao_noticias\/56518\/xIMAGEM_NOTICIA_5.jpg.pagespeed.ic.P7omwCy-br.jpg","contentUrl":"http:\/\/www.bahianoticias.com.br\/fotos\/estadao_noticias\/56518\/xIMAGEM_NOTICIA_5.jpg.pagespeed.ic.P7omwCy-br.jpg"},{"@type":"BreadcrumbList","@id":"https:\/\/blogdofarnesio.com.br\/?p=102982#breadcrumb","itemListElement":[{"@type":"ListItem","position":1,"name":"In\u00edcio","item":"https:\/\/blogdofarnesio.com.br\/"},{"@type":"ListItem","position":2,"name":"ROM\u00c1RIO N\u00c3O DESCARTA SER MINISTRO SE A\u00c9CIO GANHAR A ELEI\u00c7\u00c3O"}]},{"@type":"WebSite","@id":"https:\/\/blogdofarnesio.com.br\/#website","url":"https:\/\/blogdofarnesio.com.br\/","name":"Blog do Farn\u00e9sio","description":"Quer Saber Pol\u00edtica?","publisher":{"@id":"https:\/\/blogdofarnesio.com.br\/#organization"},"potentialAction":[{"@type":"SearchAction","target":{"@type":"EntryPoint","urlTemplate":"https:\/\/blogdofarnesio.com.br\/?s={search_term_string}"},"query-input":{"@type":"PropertyValueSpecification","valueRequired":true,"valueName":"search_term_string"}}],"inLanguage":"pt-BR"},{"@type":"Organization","@id":"https:\/\/blogdofarnesio.com.br\/#organization","name":"Blog do Farn\u00e9sio","url":"https:\/\/blogdofarnesio.com.br\/","logo":{"@type":"ImageObject","inLanguage":"pt-BR","@id":"https:\/\/blogdofarnesio.com.br\/#\/schema\/logo\/image\/","url":"https:\/\/blogdofarnesio.com.br\/wp-content\/uploads\/2026\/03\/cropped-logo_new-1.png","contentUrl":"https:\/\/blogdofarnesio.com.br\/wp-content\/uploads\/2026\/03\/cropped-logo_new-1.png","width":881,"height":685,"caption":"Blog do Farn\u00e9sio"},"image":{"@id":"https:\/\/blogdofarnesio.com.br\/#\/schema\/logo\/image\/"},"sameAs":["https:\/\/www.facebook.com\/BlogQuerSaberPolitica\/"]},{"@type":"Person","@id":"https:\/\/blogdofarnesio.com.br\/#\/schema\/person\/dd1bf5eba40b687199ba45ca6b97dff9","name":"teste","image":{"@type":"ImageObject","inLanguage":"pt-BR","@id":"https:\/\/secure.gravatar.com\/avatar\/2172498d4914b51e1d89a0f97957b035ac4938723a5cac208135d389b6972a6d?s=96&d=mm&r=g","url":"https:\/\/secure.gravatar.com\/avatar\/2172498d4914b51e1d89a0f97957b035ac4938723a5cac208135d389b6972a6d?s=96&d=mm&r=g","contentUrl":"https:\/\/secure.gravatar.com\/avatar\/2172498d4914b51e1d89a0f97957b035ac4938723a5cac208135d389b6972a6d?s=96&d=mm&r=g","caption":"teste"},"url":"https:\/\/blogdofarnesio.com.br\/?author=3"}]}},"_links":{"self":[{"href":"https:\/\/blogdofarnesio.com.br\/index.php?rest_route=\/wp\/v2\/posts\/102982","targetHints":{"allow":["GET"]}}],"collection":[{"href":"https:\/\/blogdofarnesio.com.br\/index.php?rest_route=\/wp\/v2\/posts"}],"about":[{"href":"https:\/\/blogdofarnesio.com.br\/index.php?rest_route=\/wp\/v2\/types\/post"}],"author":[{"embeddable":true,"href":"https:\/\/blogdofarnesio.com.br\/index.php?rest_route=\/wp\/v2\/users\/3"}],"replies":[{"embeddable":true,"href":"https:\/\/blogdofarnesio.com.br\/index.php?rest_route=%2Fwp%2Fv2%2Fcomments&post=102982"}],"version-history":[{"count":0,"href":"https:\/\/blogdofarnesio.com.br\/index.php?rest_route=\/wp\/v2\/posts\/102982\/revisions"}],"wp:attachment":[{"href":"https:\/\/blogdofarnesio.com.br\/index.php?rest_route=%2Fwp%2Fv2%2Fmedia&parent=102982"}],"wp:term":[{"taxonomy":"category","embeddable":true,"href":"https:\/\/blogdofarnesio.com.br\/index.php?rest_route=%2Fwp%2Fv2%2Fcategories&post=102982"},{"taxonomy":"post_tag","embeddable":true,"href":"https:\/\/blogdofarnesio.com.br\/index.php?rest_route=%2Fwp%2Fv2%2Ftags&post=102982"}],"curies":[{"name":"wp","href":"https:\/\/api.w.org\/{rel}","templated":true}]}}