{"id":10296,"date":"2012-01-16T07:14:03","date_gmt":"2012-01-16T07:14:03","guid":{"rendered":"http:\/\/www.quersaberpolitica.com.br?p=10296"},"modified":"-0001-11-30T00:00:00","modified_gmt":"-0001-11-30T03:00:00","slug":"disputa-no-sisu-chegou-a-ter-mil-candidatos-por-vaga-em-curso-de-administracao","status":"publish","type":"post","link":"https:\/\/blogdofarnesio.com.br\/?p=10296","title":{"rendered":"Disputa no Sisu chegou a ter mil candidatos por vaga em curso de administra\u00e7\u00e3o"},"content":{"rendered":"<div style=\"background-image: initial; background-attachment: initial; background-origin: initial; background-clip: initial; margin: 8px;\">\n<p style=\"text-align: justify;\"><img decoding=\"async\" style=\"float: right; margin-top: 5px; margin-bottom: 5px; margin-left: 10px; margin-right: 10px;\" src=\"http:\/\/bahianoticias.com.br\/fotos\/principal_noticias\/109418\/IMAGEM_NOTICIA_5.jpg\" alt=\"Disputa no Sisu chegou a ter mil candidatos por vaga em curso de administra&ccedil;&atilde;o\" width=\"200\" \/><span style=\"font-size: medium;\"><span style=\"font-size: small;\">A disputa no Sistema de Sele&ccedil;&atilde;o Unificada (Sisu) em alguns cursos chegou a mais de mil candidatos por vaga. A maior demanda foi no curso de administra&ccedil;&atilde;o do Centro Federal de Educa&ccedil;&atilde;o Tecnol&oacute;gica de Minas Gerais (Cefet-MG) que recebeu 9.985 inscri&ccedil;&otilde;es para apenas oito vagas ofertadas, uma m&eacute;dia de 1.248 inscritos por vaga. A lista dos aprovados pelo Sisu estava prevista para domingo, mas foi aantecipada pelo Minist&eacute;rio da Educa&ccedil;&atilde;o (MEC) na &uacute;ltima sexta-feira (13). O sistema recebeu mais de 3,4 milh&otilde;es de inscri&ccedil;&otilde;es de 1,7 milh&otilde;es de estudantes &#8211; cada participante podia escolher at&eacute; dois cursos, indicando sua prioridade. Os aprovados dever&atilde;o comparecer &agrave;s institui&ccedil;&otilde;es de ensino de 19 a 20 de janeiro para fazer a matr&iacute;cula. O participante que foi selecionado para a primeira op&ccedil;&atilde;o de curso &eacute; retirado automaticamente do sistema e perde a vaga se n&atilde;o fizer a matr&iacute;cula.&nbsp;<\/span><\/span><\/p>\n<\/div>\n","protected":false},"excerpt":{"rendered":"<p>A disputa no Sistema de Sele&ccedil;&atilde;o Unificada (Sisu) em alguns cursos chegou a mais de mil candidatos por vaga. A maior demanda foi no curso de administra&ccedil;&atilde;o do Centro Federal de Educa&ccedil;&atilde;o Tecnol&oacute;gica de Minas Gerais (Cefet-MG) que recebeu 9.985 inscri&ccedil;&otilde;es para apenas oito vagas ofertadas, uma m&eacute;dia de 1.248 inscritos por vaga. A lista dos aprovados pelo Sisu estava prevista para domingo, mas foi aantecipada pelo Minist&eacute;rio da Educa&ccedil;&atilde;o (MEC) na &uacute;ltima sexta-feira (13). O sistema recebeu mais de 3,4 milh&otilde;es de inscri&ccedil;&otilde;es de 1,7 milh&otilde;es de estudantes &#8211; cada participante podia escolher at&eacute; dois cursos, indicando sua prioridade. Os aprovados dever&atilde;o comparecer &agrave;s institui&ccedil;&otilde;es de ensino de 19 a 20 de janeiro para fazer a matr&iacute;cula. O participante&hellip; <\/p>\n","protected":false},"author":0,"featured_media":0,"comment_status":"open","ping_status":"open","sticky":false,"template":"","format":"standard","meta":{"_acf_changed":false,"footnotes":""},"categories":[5],"tags":[],"class_list":["post-10296","post","type-post","status-publish","format-standard","hentry","category-seguranca"],"acf":[],"yoast_head":"<!-- This site is optimized with the Yoast SEO plugin v27.4 - https:\/\/yoast.com\/product\/yoast-seo-wordpress\/ -->\n<title>Disputa no Sisu chegou a ter mil candidatos por vaga em curso de administra\u00e7\u00e3o - Blog do Farn\u00e9sio<\/title>\n<meta name=\"robots\" content=\"index, follow, max-snippet:-1, max-image-preview:large, max-video-preview:-1\" \/>\n<link rel=\"canonical\" href=\"https:\/\/blogdofarnesio.com.br\/?p=10296\" \/>\n<meta property=\"og:locale\" content=\"pt_BR\" \/>\n<meta property=\"og:type\" content=\"article\" \/>\n<meta property=\"og:title\" content=\"Disputa no Sisu chegou a ter mil candidatos por vaga em curso de administra\u00e7\u00e3o - Blog do Farn\u00e9sio\" \/>\n<meta property=\"og:description\" content=\"A disputa no Sistema de Sele&ccedil;&atilde;o Unificada (Sisu) em alguns cursos chegou a mais de mil candidatos por vaga. A maior demanda foi no curso de administra&ccedil;&atilde;o do Centro Federal de Educa&ccedil;&atilde;o Tecnol&oacute;gica de Minas Gerais (Cefet-MG) que recebeu 9.985 inscri&ccedil;&otilde;es para apenas oito vagas ofertadas, uma m&eacute;dia de 1.248 inscritos por vaga. A lista dos aprovados pelo Sisu estava prevista para domingo, mas foi aantecipada pelo Minist&eacute;rio da Educa&ccedil;&atilde;o (MEC) na &uacute;ltima sexta-feira (13). O sistema recebeu mais de 3,4 milh&otilde;es de inscri&ccedil;&otilde;es de 1,7 milh&otilde;es de estudantes &#8211; cada participante podia escolher at&eacute; dois cursos, indicando sua prioridade. Os aprovados dever&atilde;o comparecer &agrave;s institui&ccedil;&otilde;es de ensino de 19 a 20 de janeiro para fazer a matr&iacute;cula. O participante&hellip;\" \/>\n<meta property=\"og:url\" content=\"https:\/\/blogdofarnesio.com.br\/?p=10296\" \/>\n<meta property=\"og:site_name\" content=\"Blog do Farn\u00e9sio\" \/>\n<meta property=\"article:publisher\" content=\"https:\/\/www.facebook.com\/BlogQuerSaberPolitica\/\" \/>\n<meta property=\"article:published_time\" content=\"2012-01-16T07:14:03+00:00\" \/>\n<meta property=\"og:image\" content=\"http:\/\/bahianoticias.com.br\/fotos\/principal_noticias\/109418\/IMAGEM_NOTICIA_5.jpg\" \/>\n<meta name=\"twitter:card\" content=\"summary_large_image\" \/>\n<meta name=\"twitter:label1\" content=\"Est. tempo de leitura\" \/>\n\t<meta name=\"twitter:data1\" content=\"1 minuto\" \/>\n<script type=\"application\/ld+json\" class=\"yoast-schema-graph\">{\"@context\":\"https:\\\/\\\/schema.org\",\"@graph\":[{\"@type\":\"Article\",\"@id\":\"https:\\\/\\\/blogdofarnesio.com.br\\\/?p=10296#article\",\"isPartOf\":{\"@id\":\"https:\\\/\\\/blogdofarnesio.com.br\\\/?p=10296\"},\"author\":{\"name\":\"\",\"@id\":\"\"},\"headline\":\"Disputa no Sisu chegou a ter mil candidatos por vaga em curso de administra\u00e7\u00e3o\",\"datePublished\":\"2012-01-16T07:14:03+00:00\",\"mainEntityOfPage\":{\"@id\":\"https:\\\/\\\/blogdofarnesio.com.br\\\/?p=10296\"},\"wordCount\":197,\"commentCount\":0,\"publisher\":{\"@id\":\"https:\\\/\\\/blogdofarnesio.com.br\\\/#organization\"},\"image\":{\"@id\":\"https:\\\/\\\/blogdofarnesio.com.br\\\/?p=10296#primaryimage\"},\"thumbnailUrl\":\"http:\\\/\\\/bahianoticias.com.br\\\/fotos\\\/principal_noticias\\\/109418\\\/IMAGEM_NOTICIA_5.jpg\",\"articleSection\":[\"Seguran\u00e7a\"],\"inLanguage\":\"pt-BR\",\"potentialAction\":[{\"@type\":\"CommentAction\",\"name\":\"Comment\",\"target\":[\"https:\\\/\\\/blogdofarnesio.com.br\\\/?p=10296#respond\"]}]},{\"@type\":\"WebPage\",\"@id\":\"https:\\\/\\\/blogdofarnesio.com.br\\\/?p=10296\",\"url\":\"https:\\\/\\\/blogdofarnesio.com.br\\\/?p=10296\",\"name\":\"Disputa no Sisu chegou a ter mil candidatos por vaga em curso de administra\u00e7\u00e3o - Blog do Farn\u00e9sio\",\"isPartOf\":{\"@id\":\"https:\\\/\\\/blogdofarnesio.com.br\\\/#website\"},\"primaryImageOfPage\":{\"@id\":\"https:\\\/\\\/blogdofarnesio.com.br\\\/?p=10296#primaryimage\"},\"image\":{\"@id\":\"https:\\\/\\\/blogdofarnesio.com.br\\\/?p=10296#primaryimage\"},\"thumbnailUrl\":\"http:\\\/\\\/bahianoticias.com.br\\\/fotos\\\/principal_noticias\\\/109418\\\/IMAGEM_NOTICIA_5.jpg\",\"datePublished\":\"2012-01-16T07:14:03+00:00\",\"breadcrumb\":{\"@id\":\"https:\\\/\\\/blogdofarnesio.com.br\\\/?p=10296#breadcrumb\"},\"inLanguage\":\"pt-BR\",\"potentialAction\":[{\"@type\":\"ReadAction\",\"target\":[\"https:\\\/\\\/blogdofarnesio.com.br\\\/?p=10296\"]}]},{\"@type\":\"ImageObject\",\"inLanguage\":\"pt-BR\",\"@id\":\"https:\\\/\\\/blogdofarnesio.com.br\\\/?p=10296#primaryimage\",\"url\":\"http:\\\/\\\/bahianoticias.com.br\\\/fotos\\\/principal_noticias\\\/109418\\\/IMAGEM_NOTICIA_5.jpg\",\"contentUrl\":\"http:\\\/\\\/bahianoticias.com.br\\\/fotos\\\/principal_noticias\\\/109418\\\/IMAGEM_NOTICIA_5.jpg\"},{\"@type\":\"BreadcrumbList\",\"@id\":\"https:\\\/\\\/blogdofarnesio.com.br\\\/?p=10296#breadcrumb\",\"itemListElement\":[{\"@type\":\"ListItem\",\"position\":1,\"name\":\"In\u00edcio\",\"item\":\"https:\\\/\\\/blogdofarnesio.com.br\\\/\"},{\"@type\":\"ListItem\",\"position\":2,\"name\":\"Disputa no Sisu chegou a ter mil candidatos por vaga em curso de administra\u00e7\u00e3o\"}]},{\"@type\":\"WebSite\",\"@id\":\"https:\\\/\\\/blogdofarnesio.com.br\\\/#website\",\"url\":\"https:\\\/\\\/blogdofarnesio.com.br\\\/\",\"name\":\"Blog do Farn\u00e9sio\",\"description\":\"Quer Saber Pol\u00edtica?\",\"publisher\":{\"@id\":\"https:\\\/\\\/blogdofarnesio.com.br\\\/#organization\"},\"potentialAction\":[{\"@type\":\"SearchAction\",\"target\":{\"@type\":\"EntryPoint\",\"urlTemplate\":\"https:\\\/\\\/blogdofarnesio.com.br\\\/?s={search_term_string}\"},\"query-input\":{\"@type\":\"PropertyValueSpecification\",\"valueRequired\":true,\"valueName\":\"search_term_string\"}}],\"inLanguage\":\"pt-BR\"},{\"@type\":\"Organization\",\"@id\":\"https:\\\/\\\/blogdofarnesio.com.br\\\/#organization\",\"name\":\"Blog do Farn\u00e9sio\",\"url\":\"https:\\\/\\\/blogdofarnesio.com.br\\\/\",\"logo\":{\"@type\":\"ImageObject\",\"inLanguage\":\"pt-BR\",\"@id\":\"https:\\\/\\\/blogdofarnesio.com.br\\\/#\\\/schema\\\/logo\\\/image\\\/\",\"url\":\"https:\\\/\\\/blogdofarnesio.com.br\\\/wp-content\\\/uploads\\\/2026\\\/03\\\/cropped-logo_new-1.png\",\"contentUrl\":\"https:\\\/\\\/blogdofarnesio.com.br\\\/wp-content\\\/uploads\\\/2026\\\/03\\\/cropped-logo_new-1.png\",\"width\":881,\"height\":685,\"caption\":\"Blog do Farn\u00e9sio\"},\"image\":{\"@id\":\"https:\\\/\\\/blogdofarnesio.com.br\\\/#\\\/schema\\\/logo\\\/image\\\/\"},\"sameAs\":[\"https:\\\/\\\/www.facebook.com\\\/BlogQuerSaberPolitica\\\/\"]}]}<\/script>\n<!-- \/ Yoast SEO plugin. -->","yoast_head_json":{"title":"Disputa no Sisu chegou a ter mil candidatos por vaga em curso de administra\u00e7\u00e3o - Blog do Farn\u00e9sio","robots":{"index":"index","follow":"follow","max-snippet":"max-snippet:-1","max-image-preview":"max-image-preview:large","max-video-preview":"max-video-preview:-1"},"canonical":"https:\/\/blogdofarnesio.com.br\/?p=10296","og_locale":"pt_BR","og_type":"article","og_title":"Disputa no Sisu chegou a ter mil candidatos por vaga em curso de administra\u00e7\u00e3o - Blog do Farn\u00e9sio","og_description":"A disputa no Sistema de Sele&ccedil;&atilde;o Unificada (Sisu) em alguns cursos chegou a mais de mil candidatos por vaga. A maior demanda foi no curso de administra&ccedil;&atilde;o do Centro Federal de Educa&ccedil;&atilde;o Tecnol&oacute;gica de Minas Gerais (Cefet-MG) que recebeu 9.985 inscri&ccedil;&otilde;es para apenas oito vagas ofertadas, uma m&eacute;dia de 1.248 inscritos por vaga. A lista dos aprovados pelo Sisu estava prevista para domingo, mas foi aantecipada pelo Minist&eacute;rio da Educa&ccedil;&atilde;o (MEC) na &uacute;ltima sexta-feira (13). O sistema recebeu mais de 3,4 milh&otilde;es de inscri&ccedil;&otilde;es de 1,7 milh&otilde;es de estudantes &#8211; cada participante podia escolher at&eacute; dois cursos, indicando sua prioridade. Os aprovados dever&atilde;o comparecer &agrave;s institui&ccedil;&otilde;es de ensino de 19 a 20 de janeiro para fazer a matr&iacute;cula. O participante&hellip;","og_url":"https:\/\/blogdofarnesio.com.br\/?p=10296","og_site_name":"Blog do Farn\u00e9sio","article_publisher":"https:\/\/www.facebook.com\/BlogQuerSaberPolitica\/","article_published_time":"2012-01-16T07:14:03+00:00","og_image":[{"url":"http:\/\/bahianoticias.com.br\/fotos\/principal_noticias\/109418\/IMAGEM_NOTICIA_5.jpg","type":"","width":"","height":""}],"twitter_card":"summary_large_image","twitter_misc":{"Est. tempo de leitura":"1 minuto"},"schema":{"@context":"https:\/\/schema.org","@graph":[{"@type":"Article","@id":"https:\/\/blogdofarnesio.com.br\/?p=10296#article","isPartOf":{"@id":"https:\/\/blogdofarnesio.com.br\/?p=10296"},"author":{"name":"","@id":""},"headline":"Disputa no Sisu chegou a ter mil candidatos por vaga em curso de administra\u00e7\u00e3o","datePublished":"2012-01-16T07:14:03+00:00","mainEntityOfPage":{"@id":"https:\/\/blogdofarnesio.com.br\/?p=10296"},"wordCount":197,"commentCount":0,"publisher":{"@id":"https:\/\/blogdofarnesio.com.br\/#organization"},"image":{"@id":"https:\/\/blogdofarnesio.com.br\/?p=10296#primaryimage"},"thumbnailUrl":"http:\/\/bahianoticias.com.br\/fotos\/principal_noticias\/109418\/IMAGEM_NOTICIA_5.jpg","articleSection":["Seguran\u00e7a"],"inLanguage":"pt-BR","potentialAction":[{"@type":"CommentAction","name":"Comment","target":["https:\/\/blogdofarnesio.com.br\/?p=10296#respond"]}]},{"@type":"WebPage","@id":"https:\/\/blogdofarnesio.com.br\/?p=10296","url":"https:\/\/blogdofarnesio.com.br\/?p=10296","name":"Disputa no Sisu chegou a ter mil candidatos por vaga em curso de administra\u00e7\u00e3o - Blog do Farn\u00e9sio","isPartOf":{"@id":"https:\/\/blogdofarnesio.com.br\/#website"},"primaryImageOfPage":{"@id":"https:\/\/blogdofarnesio.com.br\/?p=10296#primaryimage"},"image":{"@id":"https:\/\/blogdofarnesio.com.br\/?p=10296#primaryimage"},"thumbnailUrl":"http:\/\/bahianoticias.com.br\/fotos\/principal_noticias\/109418\/IMAGEM_NOTICIA_5.jpg","datePublished":"2012-01-16T07:14:03+00:00","breadcrumb":{"@id":"https:\/\/blogdofarnesio.com.br\/?p=10296#breadcrumb"},"inLanguage":"pt-BR","potentialAction":[{"@type":"ReadAction","target":["https:\/\/blogdofarnesio.com.br\/?p=10296"]}]},{"@type":"ImageObject","inLanguage":"pt-BR","@id":"https:\/\/blogdofarnesio.com.br\/?p=10296#primaryimage","url":"http:\/\/bahianoticias.com.br\/fotos\/principal_noticias\/109418\/IMAGEM_NOTICIA_5.jpg","contentUrl":"http:\/\/bahianoticias.com.br\/fotos\/principal_noticias\/109418\/IMAGEM_NOTICIA_5.jpg"},{"@type":"BreadcrumbList","@id":"https:\/\/blogdofarnesio.com.br\/?p=10296#breadcrumb","itemListElement":[{"@type":"ListItem","position":1,"name":"In\u00edcio","item":"https:\/\/blogdofarnesio.com.br\/"},{"@type":"ListItem","position":2,"name":"Disputa no Sisu chegou a ter mil candidatos por vaga em curso de administra\u00e7\u00e3o"}]},{"@type":"WebSite","@id":"https:\/\/blogdofarnesio.com.br\/#website","url":"https:\/\/blogdofarnesio.com.br\/","name":"Blog do Farn\u00e9sio","description":"Quer Saber Pol\u00edtica?","publisher":{"@id":"https:\/\/blogdofarnesio.com.br\/#organization"},"potentialAction":[{"@type":"SearchAction","target":{"@type":"EntryPoint","urlTemplate":"https:\/\/blogdofarnesio.com.br\/?s={search_term_string}"},"query-input":{"@type":"PropertyValueSpecification","valueRequired":true,"valueName":"search_term_string"}}],"inLanguage":"pt-BR"},{"@type":"Organization","@id":"https:\/\/blogdofarnesio.com.br\/#organization","name":"Blog do Farn\u00e9sio","url":"https:\/\/blogdofarnesio.com.br\/","logo":{"@type":"ImageObject","inLanguage":"pt-BR","@id":"https:\/\/blogdofarnesio.com.br\/#\/schema\/logo\/image\/","url":"https:\/\/blogdofarnesio.com.br\/wp-content\/uploads\/2026\/03\/cropped-logo_new-1.png","contentUrl":"https:\/\/blogdofarnesio.com.br\/wp-content\/uploads\/2026\/03\/cropped-logo_new-1.png","width":881,"height":685,"caption":"Blog do Farn\u00e9sio"},"image":{"@id":"https:\/\/blogdofarnesio.com.br\/#\/schema\/logo\/image\/"},"sameAs":["https:\/\/www.facebook.com\/BlogQuerSaberPolitica\/"]}]}},"_links":{"self":[{"href":"https:\/\/blogdofarnesio.com.br\/index.php?rest_route=\/wp\/v2\/posts\/10296","targetHints":{"allow":["GET"]}}],"collection":[{"href":"https:\/\/blogdofarnesio.com.br\/index.php?rest_route=\/wp\/v2\/posts"}],"about":[{"href":"https:\/\/blogdofarnesio.com.br\/index.php?rest_route=\/wp\/v2\/types\/post"}],"replies":[{"embeddable":true,"href":"https:\/\/blogdofarnesio.com.br\/index.php?rest_route=%2Fwp%2Fv2%2Fcomments&post=10296"}],"version-history":[{"count":0,"href":"https:\/\/blogdofarnesio.com.br\/index.php?rest_route=\/wp\/v2\/posts\/10296\/revisions"}],"wp:attachment":[{"href":"https:\/\/blogdofarnesio.com.br\/index.php?rest_route=%2Fwp%2Fv2%2Fmedia&parent=10296"}],"wp:term":[{"taxonomy":"category","embeddable":true,"href":"https:\/\/blogdofarnesio.com.br\/index.php?rest_route=%2Fwp%2Fv2%2Fcategories&post=10296"},{"taxonomy":"post_tag","embeddable":true,"href":"https:\/\/blogdofarnesio.com.br\/index.php?rest_route=%2Fwp%2Fv2%2Ftags&post=10296"}],"curies":[{"name":"wp","href":"https:\/\/api.w.org\/{rel}","templated":true}]}}