{"id":10273,"date":"2012-01-15T13:00:02","date_gmt":"2012-01-15T13:00:02","guid":{"rendered":"http:\/\/www.quersaberpolitica.com.br?p=10273"},"modified":"-0001-11-30T00:00:00","modified_gmt":"-0001-11-30T03:00:00","slug":"parceira-da-codevasf-fez-doacao-para-o-filho-do-ministro-da-integracao","status":"publish","type":"post","link":"https:\/\/blogdofarnesio.com.br\/?p=10273","title":{"rendered":"Parceira da Codevasf fez doa\u00e7\u00e3o para o filho do ministro da Integra\u00e7\u00e3o"},"content":{"rendered":"<div style=\"background-image: initial; background-attachment: initial; background-origin: initial; background-clip: initial; margin: 8px;\">\n<p style=\"text-align: justify;\"><a rel=\"lightbox\" href=\"http:\/\/www.quersaberpolitica.com.br\/2016\/wp-content\/uploads\/2012\/12\/blogqspcodevasf.jpg\"><img loading=\"lazy\" decoding=\"async\" style=\"float: left; margin-top: 5px; margin-bottom: 5px; margin-left: 10px; margin-right: 10px;\" src=\"http:\/\/www.quersaberpolitica.com.br\/2016\/wp-content\/uploads\/2012\/12\/blogqspcodevasf.jpg\" alt=\"\" width=\"200\" height=\"105\" \/><\/a><span style=\"font-size: medium;\"><span style=\"font-size: small;\"><span style=\"font-family: arial, helvetica, sans-serif;\">Recordista em repasses de verbas para assist&ecirc;ncia t&eacute;cnica em per&iacute;metros de irriga&ccedil;&atilde;o no ano passado, a empreiteira Granville &amp; Bazan Ltda., com sede em Petrolina (PE), cidade natal de Fernando Bezerra Coelho, doou R$ 20 mil para a campanha a deputado do filho do ministro. Os servi&ccedil;os da Granville foram remunerados pela Companhia de Desenvolvimento dos Vales do S&atilde;o Francisco e Parna&iacute;ba (Codevasf). Em 2011, os pagamentos da empresa subordinada ao Minist&eacute;rio da Integra&ccedil;&atilde;o somaram R$ 14,6 milh&otilde;es, segundo informa&ccedil;&atilde;o do Portal da Transpar&ecirc;ncia, mantido pela Controladoria-Geral da Uni&atilde;o. A Codevasf era presidida interinamente no per&iacute;odo pelo irm&atilde;o do ministro, Clementino Coelho, exonerado a pedido ontem do cargo de diretor de Desenvolvimento Integrado e Infraestrutura, que ocupava desde 2003. Fernando Coelho Filho (PSB) recebeu a doa&ccedil;&atilde;o da Granville em dinheiro. Foram pagas duas parcelas de R$ 10 mil. Coelho Filho concorria &agrave; reelei&ccedil;&atilde;o a deputado federal. Ontem (14), o Grupo Estado entrou em contato com a empresa, mas nenhum dos s&oacute;cios respondeu &agrave; reportagem. O grande interesse da empreiteira &eacute; o projeto de parceria p&uacute;blico-privada para a conclus&atilde;o e ocupa&ccedil;&atilde;o do per&iacute;metro de irriga&ccedil;&atilde;o do&nbsp;<strong>Pontal<\/strong>, em Pernambuco. S&oacute; para servi&ccedil;os de seguran&ccedil;a nesse per&iacute;metro, a Codevasf pagou mais de R$ 1 milh&atilde;o em 2011.<\/span><\/span><\/span><\/p>\n<p style=\"text-align: justify;\"><span style=\"font-size: medium;\"><span style=\"font-size: xx-small;\"><span style=\"font-family: arial, helvetica, sans-serif;\">(Estad&atilde;o)<\/span><\/span><\/span><\/p>\n<\/div>\n","protected":false},"excerpt":{"rendered":"<p>Recordista em repasses de verbas para assist&ecirc;ncia t&eacute;cnica em per&iacute;metros de irriga&ccedil;&atilde;o no ano passado, a empreiteira Granville &amp; Bazan Ltda., com sede em Petrolina (PE), cidade natal de Fernando Bezerra Coelho, doou R$ 20 mil para a campanha a deputado do filho do ministro. Os servi&ccedil;os da Granville foram remunerados pela Companhia de Desenvolvimento dos Vales do S&atilde;o Francisco e Parna&iacute;ba (Codevasf). Em 2011, os pagamentos da empresa subordinada ao Minist&eacute;rio da Integra&ccedil;&atilde;o somaram R$ 14,6 milh&otilde;es, segundo informa&ccedil;&atilde;o do Portal da Transpar&ecirc;ncia, mantido pela Controladoria-Geral da Uni&atilde;o. A Codevasf era presidida interinamente no per&iacute;odo pelo irm&atilde;o do ministro, Clementino Coelho, exonerado a pedido ontem do cargo de diretor de Desenvolvimento Integrado e Infraestrutura, que ocupava desde 2003. Fernando&hellip; <\/p>\n","protected":false},"author":0,"featured_media":0,"comment_status":"open","ping_status":"open","sticky":false,"template":"","format":"standard","meta":{"_acf_changed":false,"footnotes":""},"categories":[23],"tags":[],"class_list":["post-10273","post","type-post","status-publish","format-standard","hentry","category-justica"],"acf":[],"yoast_head":"<!-- This site is optimized with the Yoast SEO plugin v27.4 - https:\/\/yoast.com\/product\/yoast-seo-wordpress\/ -->\n<title>Parceira da Codevasf fez doa\u00e7\u00e3o para o filho do ministro da Integra\u00e7\u00e3o  - Blog do Farn\u00e9sio<\/title>\n<meta name=\"robots\" content=\"index, follow, max-snippet:-1, max-image-preview:large, max-video-preview:-1\" \/>\n<link rel=\"canonical\" href=\"https:\/\/blogdofarnesio.com.br\/?p=10273\" \/>\n<meta property=\"og:locale\" content=\"pt_BR\" \/>\n<meta property=\"og:type\" content=\"article\" \/>\n<meta property=\"og:title\" content=\"Parceira da Codevasf fez doa\u00e7\u00e3o para o filho do ministro da Integra\u00e7\u00e3o  - Blog do Farn\u00e9sio\" \/>\n<meta property=\"og:description\" content=\"Recordista em repasses de verbas para assist&ecirc;ncia t&eacute;cnica em per&iacute;metros de irriga&ccedil;&atilde;o no ano passado, a empreiteira Granville &amp; Bazan Ltda., com sede em Petrolina (PE), cidade natal de Fernando Bezerra Coelho, doou R$ 20 mil para a campanha a deputado do filho do ministro. Os servi&ccedil;os da Granville foram remunerados pela Companhia de Desenvolvimento dos Vales do S&atilde;o Francisco e Parna&iacute;ba (Codevasf). Em 2011, os pagamentos da empresa subordinada ao Minist&eacute;rio da Integra&ccedil;&atilde;o somaram R$ 14,6 milh&otilde;es, segundo informa&ccedil;&atilde;o do Portal da Transpar&ecirc;ncia, mantido pela Controladoria-Geral da Uni&atilde;o. A Codevasf era presidida interinamente no per&iacute;odo pelo irm&atilde;o do ministro, Clementino Coelho, exonerado a pedido ontem do cargo de diretor de Desenvolvimento Integrado e Infraestrutura, que ocupava desde 2003. Fernando&hellip;\" \/>\n<meta property=\"og:url\" content=\"https:\/\/blogdofarnesio.com.br\/?p=10273\" \/>\n<meta property=\"og:site_name\" content=\"Blog do Farn\u00e9sio\" \/>\n<meta property=\"article:publisher\" content=\"https:\/\/www.facebook.com\/BlogQuerSaberPolitica\/\" \/>\n<meta property=\"article:published_time\" content=\"2012-01-15T13:00:02+00:00\" \/>\n<meta property=\"og:image\" content=\"http:\/\/www.quersaberpolitica.com.br\/2016\/wp-content\/uploads\/2012\/12\/blogqspcodevasf.jpg\" \/>\n<meta name=\"twitter:card\" content=\"summary_large_image\" \/>\n<meta name=\"twitter:label1\" content=\"Est. tempo de leitura\" \/>\n\t<meta name=\"twitter:data1\" content=\"1 minuto\" \/>\n<script type=\"application\/ld+json\" class=\"yoast-schema-graph\">{\"@context\":\"https:\\\/\\\/schema.org\",\"@graph\":[{\"@type\":\"Article\",\"@id\":\"https:\\\/\\\/blogdofarnesio.com.br\\\/?p=10273#article\",\"isPartOf\":{\"@id\":\"https:\\\/\\\/blogdofarnesio.com.br\\\/?p=10273\"},\"author\":{\"name\":\"\",\"@id\":\"\"},\"headline\":\"Parceira da Codevasf fez doa\u00e7\u00e3o para o filho do ministro da Integra\u00e7\u00e3o\",\"datePublished\":\"2012-01-15T13:00:02+00:00\",\"mainEntityOfPage\":{\"@id\":\"https:\\\/\\\/blogdofarnesio.com.br\\\/?p=10273\"},\"wordCount\":277,\"commentCount\":0,\"publisher\":{\"@id\":\"https:\\\/\\\/blogdofarnesio.com.br\\\/#organization\"},\"image\":{\"@id\":\"https:\\\/\\\/blogdofarnesio.com.br\\\/?p=10273#primaryimage\"},\"thumbnailUrl\":\"http:\\\/\\\/www.quersaberpolitica.com.br\\\/2016\\\/wp-content\\\/uploads\\\/2012\\\/12\\\/blogqspcodevasf.jpg\",\"articleSection\":[\"Justi\u00e7a\"],\"inLanguage\":\"pt-BR\",\"potentialAction\":[{\"@type\":\"CommentAction\",\"name\":\"Comment\",\"target\":[\"https:\\\/\\\/blogdofarnesio.com.br\\\/?p=10273#respond\"]}]},{\"@type\":\"WebPage\",\"@id\":\"https:\\\/\\\/blogdofarnesio.com.br\\\/?p=10273\",\"url\":\"https:\\\/\\\/blogdofarnesio.com.br\\\/?p=10273\",\"name\":\"Parceira da Codevasf fez doa\u00e7\u00e3o para o filho do ministro da Integra\u00e7\u00e3o - Blog do Farn\u00e9sio\",\"isPartOf\":{\"@id\":\"https:\\\/\\\/blogdofarnesio.com.br\\\/#website\"},\"primaryImageOfPage\":{\"@id\":\"https:\\\/\\\/blogdofarnesio.com.br\\\/?p=10273#primaryimage\"},\"image\":{\"@id\":\"https:\\\/\\\/blogdofarnesio.com.br\\\/?p=10273#primaryimage\"},\"thumbnailUrl\":\"http:\\\/\\\/www.quersaberpolitica.com.br\\\/2016\\\/wp-content\\\/uploads\\\/2012\\\/12\\\/blogqspcodevasf.jpg\",\"datePublished\":\"2012-01-15T13:00:02+00:00\",\"breadcrumb\":{\"@id\":\"https:\\\/\\\/blogdofarnesio.com.br\\\/?p=10273#breadcrumb\"},\"inLanguage\":\"pt-BR\",\"potentialAction\":[{\"@type\":\"ReadAction\",\"target\":[\"https:\\\/\\\/blogdofarnesio.com.br\\\/?p=10273\"]}]},{\"@type\":\"ImageObject\",\"inLanguage\":\"pt-BR\",\"@id\":\"https:\\\/\\\/blogdofarnesio.com.br\\\/?p=10273#primaryimage\",\"url\":\"http:\\\/\\\/www.quersaberpolitica.com.br\\\/2016\\\/wp-content\\\/uploads\\\/2012\\\/12\\\/blogqspcodevasf.jpg\",\"contentUrl\":\"http:\\\/\\\/www.quersaberpolitica.com.br\\\/2016\\\/wp-content\\\/uploads\\\/2012\\\/12\\\/blogqspcodevasf.jpg\"},{\"@type\":\"BreadcrumbList\",\"@id\":\"https:\\\/\\\/blogdofarnesio.com.br\\\/?p=10273#breadcrumb\",\"itemListElement\":[{\"@type\":\"ListItem\",\"position\":1,\"name\":\"In\u00edcio\",\"item\":\"https:\\\/\\\/blogdofarnesio.com.br\\\/\"},{\"@type\":\"ListItem\",\"position\":2,\"name\":\"Parceira da Codevasf fez doa\u00e7\u00e3o para o filho do ministro da Integra\u00e7\u00e3o\"}]},{\"@type\":\"WebSite\",\"@id\":\"https:\\\/\\\/blogdofarnesio.com.br\\\/#website\",\"url\":\"https:\\\/\\\/blogdofarnesio.com.br\\\/\",\"name\":\"Blog do Farn\u00e9sio\",\"description\":\"Quer Saber Pol\u00edtica?\",\"publisher\":{\"@id\":\"https:\\\/\\\/blogdofarnesio.com.br\\\/#organization\"},\"potentialAction\":[{\"@type\":\"SearchAction\",\"target\":{\"@type\":\"EntryPoint\",\"urlTemplate\":\"https:\\\/\\\/blogdofarnesio.com.br\\\/?s={search_term_string}\"},\"query-input\":{\"@type\":\"PropertyValueSpecification\",\"valueRequired\":true,\"valueName\":\"search_term_string\"}}],\"inLanguage\":\"pt-BR\"},{\"@type\":\"Organization\",\"@id\":\"https:\\\/\\\/blogdofarnesio.com.br\\\/#organization\",\"name\":\"Blog do Farn\u00e9sio\",\"url\":\"https:\\\/\\\/blogdofarnesio.com.br\\\/\",\"logo\":{\"@type\":\"ImageObject\",\"inLanguage\":\"pt-BR\",\"@id\":\"https:\\\/\\\/blogdofarnesio.com.br\\\/#\\\/schema\\\/logo\\\/image\\\/\",\"url\":\"https:\\\/\\\/blogdofarnesio.com.br\\\/wp-content\\\/uploads\\\/2026\\\/03\\\/cropped-logo_new-1.png\",\"contentUrl\":\"https:\\\/\\\/blogdofarnesio.com.br\\\/wp-content\\\/uploads\\\/2026\\\/03\\\/cropped-logo_new-1.png\",\"width\":881,\"height\":685,\"caption\":\"Blog do Farn\u00e9sio\"},\"image\":{\"@id\":\"https:\\\/\\\/blogdofarnesio.com.br\\\/#\\\/schema\\\/logo\\\/image\\\/\"},\"sameAs\":[\"https:\\\/\\\/www.facebook.com\\\/BlogQuerSaberPolitica\\\/\"]}]}<\/script>\n<!-- \/ Yoast SEO plugin. -->","yoast_head_json":{"title":"Parceira da Codevasf fez doa\u00e7\u00e3o para o filho do ministro da Integra\u00e7\u00e3o  - Blog do Farn\u00e9sio","robots":{"index":"index","follow":"follow","max-snippet":"max-snippet:-1","max-image-preview":"max-image-preview:large","max-video-preview":"max-video-preview:-1"},"canonical":"https:\/\/blogdofarnesio.com.br\/?p=10273","og_locale":"pt_BR","og_type":"article","og_title":"Parceira da Codevasf fez doa\u00e7\u00e3o para o filho do ministro da Integra\u00e7\u00e3o  - Blog do Farn\u00e9sio","og_description":"Recordista em repasses de verbas para assist&ecirc;ncia t&eacute;cnica em per&iacute;metros de irriga&ccedil;&atilde;o no ano passado, a empreiteira Granville &amp; Bazan Ltda., com sede em Petrolina (PE), cidade natal de Fernando Bezerra Coelho, doou R$ 20 mil para a campanha a deputado do filho do ministro. Os servi&ccedil;os da Granville foram remunerados pela Companhia de Desenvolvimento dos Vales do S&atilde;o Francisco e Parna&iacute;ba (Codevasf). Em 2011, os pagamentos da empresa subordinada ao Minist&eacute;rio da Integra&ccedil;&atilde;o somaram R$ 14,6 milh&otilde;es, segundo informa&ccedil;&atilde;o do Portal da Transpar&ecirc;ncia, mantido pela Controladoria-Geral da Uni&atilde;o. A Codevasf era presidida interinamente no per&iacute;odo pelo irm&atilde;o do ministro, Clementino Coelho, exonerado a pedido ontem do cargo de diretor de Desenvolvimento Integrado e Infraestrutura, que ocupava desde 2003. Fernando&hellip;","og_url":"https:\/\/blogdofarnesio.com.br\/?p=10273","og_site_name":"Blog do Farn\u00e9sio","article_publisher":"https:\/\/www.facebook.com\/BlogQuerSaberPolitica\/","article_published_time":"2012-01-15T13:00:02+00:00","og_image":[{"url":"http:\/\/www.quersaberpolitica.com.br\/2016\/wp-content\/uploads\/2012\/12\/blogqspcodevasf.jpg","type":"","width":"","height":""}],"twitter_card":"summary_large_image","twitter_misc":{"Est. tempo de leitura":"1 minuto"},"schema":{"@context":"https:\/\/schema.org","@graph":[{"@type":"Article","@id":"https:\/\/blogdofarnesio.com.br\/?p=10273#article","isPartOf":{"@id":"https:\/\/blogdofarnesio.com.br\/?p=10273"},"author":{"name":"","@id":""},"headline":"Parceira da Codevasf fez doa\u00e7\u00e3o para o filho do ministro da Integra\u00e7\u00e3o","datePublished":"2012-01-15T13:00:02+00:00","mainEntityOfPage":{"@id":"https:\/\/blogdofarnesio.com.br\/?p=10273"},"wordCount":277,"commentCount":0,"publisher":{"@id":"https:\/\/blogdofarnesio.com.br\/#organization"},"image":{"@id":"https:\/\/blogdofarnesio.com.br\/?p=10273#primaryimage"},"thumbnailUrl":"http:\/\/www.quersaberpolitica.com.br\/2016\/wp-content\/uploads\/2012\/12\/blogqspcodevasf.jpg","articleSection":["Justi\u00e7a"],"inLanguage":"pt-BR","potentialAction":[{"@type":"CommentAction","name":"Comment","target":["https:\/\/blogdofarnesio.com.br\/?p=10273#respond"]}]},{"@type":"WebPage","@id":"https:\/\/blogdofarnesio.com.br\/?p=10273","url":"https:\/\/blogdofarnesio.com.br\/?p=10273","name":"Parceira da Codevasf fez doa\u00e7\u00e3o para o filho do ministro da Integra\u00e7\u00e3o - Blog do Farn\u00e9sio","isPartOf":{"@id":"https:\/\/blogdofarnesio.com.br\/#website"},"primaryImageOfPage":{"@id":"https:\/\/blogdofarnesio.com.br\/?p=10273#primaryimage"},"image":{"@id":"https:\/\/blogdofarnesio.com.br\/?p=10273#primaryimage"},"thumbnailUrl":"http:\/\/www.quersaberpolitica.com.br\/2016\/wp-content\/uploads\/2012\/12\/blogqspcodevasf.jpg","datePublished":"2012-01-15T13:00:02+00:00","breadcrumb":{"@id":"https:\/\/blogdofarnesio.com.br\/?p=10273#breadcrumb"},"inLanguage":"pt-BR","potentialAction":[{"@type":"ReadAction","target":["https:\/\/blogdofarnesio.com.br\/?p=10273"]}]},{"@type":"ImageObject","inLanguage":"pt-BR","@id":"https:\/\/blogdofarnesio.com.br\/?p=10273#primaryimage","url":"http:\/\/www.quersaberpolitica.com.br\/2016\/wp-content\/uploads\/2012\/12\/blogqspcodevasf.jpg","contentUrl":"http:\/\/www.quersaberpolitica.com.br\/2016\/wp-content\/uploads\/2012\/12\/blogqspcodevasf.jpg"},{"@type":"BreadcrumbList","@id":"https:\/\/blogdofarnesio.com.br\/?p=10273#breadcrumb","itemListElement":[{"@type":"ListItem","position":1,"name":"In\u00edcio","item":"https:\/\/blogdofarnesio.com.br\/"},{"@type":"ListItem","position":2,"name":"Parceira da Codevasf fez doa\u00e7\u00e3o para o filho do ministro da Integra\u00e7\u00e3o"}]},{"@type":"WebSite","@id":"https:\/\/blogdofarnesio.com.br\/#website","url":"https:\/\/blogdofarnesio.com.br\/","name":"Blog do Farn\u00e9sio","description":"Quer Saber Pol\u00edtica?","publisher":{"@id":"https:\/\/blogdofarnesio.com.br\/#organization"},"potentialAction":[{"@type":"SearchAction","target":{"@type":"EntryPoint","urlTemplate":"https:\/\/blogdofarnesio.com.br\/?s={search_term_string}"},"query-input":{"@type":"PropertyValueSpecification","valueRequired":true,"valueName":"search_term_string"}}],"inLanguage":"pt-BR"},{"@type":"Organization","@id":"https:\/\/blogdofarnesio.com.br\/#organization","name":"Blog do Farn\u00e9sio","url":"https:\/\/blogdofarnesio.com.br\/","logo":{"@type":"ImageObject","inLanguage":"pt-BR","@id":"https:\/\/blogdofarnesio.com.br\/#\/schema\/logo\/image\/","url":"https:\/\/blogdofarnesio.com.br\/wp-content\/uploads\/2026\/03\/cropped-logo_new-1.png","contentUrl":"https:\/\/blogdofarnesio.com.br\/wp-content\/uploads\/2026\/03\/cropped-logo_new-1.png","width":881,"height":685,"caption":"Blog do Farn\u00e9sio"},"image":{"@id":"https:\/\/blogdofarnesio.com.br\/#\/schema\/logo\/image\/"},"sameAs":["https:\/\/www.facebook.com\/BlogQuerSaberPolitica\/"]}]}},"_links":{"self":[{"href":"https:\/\/blogdofarnesio.com.br\/index.php?rest_route=\/wp\/v2\/posts\/10273","targetHints":{"allow":["GET"]}}],"collection":[{"href":"https:\/\/blogdofarnesio.com.br\/index.php?rest_route=\/wp\/v2\/posts"}],"about":[{"href":"https:\/\/blogdofarnesio.com.br\/index.php?rest_route=\/wp\/v2\/types\/post"}],"replies":[{"embeddable":true,"href":"https:\/\/blogdofarnesio.com.br\/index.php?rest_route=%2Fwp%2Fv2%2Fcomments&post=10273"}],"version-history":[{"count":0,"href":"https:\/\/blogdofarnesio.com.br\/index.php?rest_route=\/wp\/v2\/posts\/10273\/revisions"}],"wp:attachment":[{"href":"https:\/\/blogdofarnesio.com.br\/index.php?rest_route=%2Fwp%2Fv2%2Fmedia&parent=10273"}],"wp:term":[{"taxonomy":"category","embeddable":true,"href":"https:\/\/blogdofarnesio.com.br\/index.php?rest_route=%2Fwp%2Fv2%2Fcategories&post=10273"},{"taxonomy":"post_tag","embeddable":true,"href":"https:\/\/blogdofarnesio.com.br\/index.php?rest_route=%2Fwp%2Fv2%2Ftags&post=10273"}],"curies":[{"name":"wp","href":"https:\/\/api.w.org\/{rel}","templated":true}]}}