{"id":10262,"date":"2012-01-15T22:00:00","date_gmt":"2012-01-15T22:00:00","guid":{"rendered":"http:\/\/www.quersaberpolitica.com.br?p=10262"},"modified":"-0001-11-30T00:00:00","modified_gmt":"-0001-11-30T03:00:00","slug":"tecnicos-recebem-capacitacao-para-atuar-com-agricultores-familiares-quilombolas","status":"publish","type":"post","link":"https:\/\/blogdofarnesio.com.br\/?p=10262","title":{"rendered":"T\u00e9cnicos recebem capacita\u00e7\u00e3o para atuar com agricultores familiares quilombolas"},"content":{"rendered":"<p style=\"text-align: justify;\"><span style=\"font-size: small;\"><a rel=\"lightbox\" href=\"http:\/\/www.quersaberpolitica.com.br\/2016\/wp-content\/uploads\/2012\/12\/blogqspebda3.jpg\"><img loading=\"lazy\" decoding=\"async\" style=\"margin-top: 5px; margin-bottom: 5px; margin-left: 10px; margin-right: 10px; float: right;\" title=\"Imagem Ilustrativa\" src=\"http:\/\/www.quersaberpolitica.com.br\/2016\/wp-content\/uploads\/2012\/12\/blogqspebda3.jpg\" alt=\"\" width=\"200\" height=\"247\" \/><\/a>A Empresa Baiana de Desenvolvimento Agr&iacute;cola (EBDA), &oacute;rg&atilde;o vinculado &agrave; Secretaria da Agricultura, sediar&aacute;, entre os dias 16 a 21 de janeiro, das 8h &agrave;s 12h e das 14h &agrave;s 18h, o Curso Preparat&oacute;rio para Atua&ccedil;&atilde;o de T&eacute;cnicos no Plano Brasil Sem Mis&eacute;ria, atrav&eacute;s da 3&ordf; Chamada P&uacute;blica de Assist&ecirc;ncia T&eacute;cnica e Extens&atilde;o Rural (Ater) para comunidades remanescentes de quilombos. O evento ser&aacute; realizado no Centro de Treinamento da Empresa, em Salvador.<\/span><\/p>\n<p style=\"text-align: justify;\"><span style=\"font-size: small;\">O curso consistir&aacute;&nbsp;na apresenta&ccedil;&atilde;o detalhada do Plano Brasil Sem Mis&eacute;ria, com foco na quest&atilde;o da extrema pobreza e no conjunto de pol&iacute;ticas p&uacute;blicas ofertadas &agrave;s comunidades, tais como o Programa de Aquisi&ccedil;&atilde;o de Alimentos (PAA), o Programa Nacional de Alimenta&ccedil;&atilde;o Escolar (Pnae), o &Aacute;gua Para Todos e a oferta de sementes certificadas pela Empresa Brasileira de Pesquisa Agropecu&aacute;ria (Embrapa), dentre outros.<\/span><\/p>\n<p style=\"text-align: justify;\"><span style=\"font-size: small;\">Ap&oacute;s a capacita&ccedil;&atilde;o, mais de quatro mil fam&iacute;lias, dos quatro estados do pa&iacute;s come&ccedil;ar&atilde;o a receber, em fevereiro, as equipes das empresas de Ater, contratadas pelo Minist&eacute;rio do Desenvolvimento Agr&aacute;rio (MDA), para a inclus&atilde;o das fam&iacute;lias no&nbsp;<a href=\"http:\/\/www.brasilsemmiseria.gov.br\/\" target=\"_blank\">Plano Brasil Sem Mis&eacute;ria<\/a>. Eles ir&atilde;o desenvolver ferramentas, atrav&eacute;s de diagn&oacute;sticos da situa&ccedil;&atilde;o de cada fam&iacute;lia e das comunidades, visando elaborar, de forma participativa, projetos sociais e econ&ocirc;micos para as mesmas.<\/span><\/p>\n<p style=\"text-align: justify;\"><span style=\"font-size: small;\">Estar&atilde;o presentes profissionais do MDA, do&nbsp;Minist&eacute;rio do Desenvolvimento Social&nbsp;e Combate &agrave; Fome (MDS), daSecretaria<em>&nbsp;<\/em>Especial de Pol&iacute;ticas de Promo&ccedil;&atilde;o da Igualdade Racial (Seppir) e da Secretaria de Patrim&ocirc;nio da Uni&atilde;o (SPU), que treinar&atilde;o os t&eacute;cnicos dos estados da Bahia, do Maranh&atilde;o, Pernambuco e Minas Gerais, que prestar&atilde;o&nbsp;servi&ccedil;os de Ater &agrave;s fam&iacute;lias quilombolas.<\/span><\/p>\n<p style=\"text-align: justify;\"><span style=\"font-size: small;\">(Ascom EBDA)<\/span><\/p>\n","protected":false},"excerpt":{"rendered":"<p>A Empresa Baiana de Desenvolvimento Agr&iacute;cola (EBDA), &oacute;rg&atilde;o vinculado &agrave; Secretaria da Agricultura, sediar&aacute;, entre os dias 16 a 21 de janeiro, das 8h &agrave;s 12h e das 14h &agrave;s 18h, o Curso Preparat&oacute;rio para Atua&ccedil;&atilde;o de T&eacute;cnicos no Plano Brasil Sem Mis&eacute;ria, atrav&eacute;s da 3&ordf; Chamada P&uacute;blica de Assist&ecirc;ncia T&eacute;cnica e Extens&atilde;o Rural (Ater) para comunidades remanescentes de quilombos. O evento ser&aacute; realizado no Centro de Treinamento da Empresa, em Salvador. O curso consistir&aacute;&nbsp;na apresenta&ccedil;&atilde;o detalhada do Plano Brasil Sem Mis&eacute;ria, com foco na quest&atilde;o da extrema pobreza e no conjunto de pol&iacute;ticas p&uacute;blicas ofertadas &agrave;s comunidades, tais como o Programa de Aquisi&ccedil;&atilde;o de Alimentos (PAA), o Programa Nacional de Alimenta&ccedil;&atilde;o Escolar (Pnae), o &Aacute;gua Para Todos e a&hellip; <\/p>\n","protected":false},"author":0,"featured_media":0,"comment_status":"open","ping_status":"open","sticky":false,"template":"","format":"standard","meta":{"_acf_changed":false,"footnotes":""},"categories":[43],"tags":[],"class_list":["post-10262","post","type-post","status-publish","format-standard","hentry","category-sem-categoria"],"acf":[],"yoast_head":"<!-- This site is optimized with the Yoast SEO plugin v27.4 - https:\/\/yoast.com\/product\/yoast-seo-wordpress\/ -->\n<title>T\u00e9cnicos recebem capacita\u00e7\u00e3o para atuar com agricultores familiares quilombolas - Blog do Farn\u00e9sio<\/title>\n<meta name=\"robots\" content=\"index, follow, max-snippet:-1, max-image-preview:large, max-video-preview:-1\" \/>\n<link rel=\"canonical\" href=\"https:\/\/blogdofarnesio.com.br\/?p=10262\" \/>\n<meta property=\"og:locale\" content=\"pt_BR\" \/>\n<meta property=\"og:type\" content=\"article\" \/>\n<meta property=\"og:title\" content=\"T\u00e9cnicos recebem capacita\u00e7\u00e3o para atuar com agricultores familiares quilombolas - Blog do Farn\u00e9sio\" \/>\n<meta property=\"og:description\" content=\"A Empresa Baiana de Desenvolvimento Agr&iacute;cola (EBDA), &oacute;rg&atilde;o vinculado &agrave; Secretaria da Agricultura, sediar&aacute;, entre os dias 16 a 21 de janeiro, das 8h &agrave;s 12h e das 14h &agrave;s 18h, o Curso Preparat&oacute;rio para Atua&ccedil;&atilde;o de T&eacute;cnicos no Plano Brasil Sem Mis&eacute;ria, atrav&eacute;s da 3&ordf; Chamada P&uacute;blica de Assist&ecirc;ncia T&eacute;cnica e Extens&atilde;o Rural (Ater) para comunidades remanescentes de quilombos. O evento ser&aacute; realizado no Centro de Treinamento da Empresa, em Salvador. O curso consistir&aacute;&nbsp;na apresenta&ccedil;&atilde;o detalhada do Plano Brasil Sem Mis&eacute;ria, com foco na quest&atilde;o da extrema pobreza e no conjunto de pol&iacute;ticas p&uacute;blicas ofertadas &agrave;s comunidades, tais como o Programa de Aquisi&ccedil;&atilde;o de Alimentos (PAA), o Programa Nacional de Alimenta&ccedil;&atilde;o Escolar (Pnae), o &Aacute;gua Para Todos e a&hellip;\" \/>\n<meta property=\"og:url\" content=\"https:\/\/blogdofarnesio.com.br\/?p=10262\" \/>\n<meta property=\"og:site_name\" content=\"Blog do Farn\u00e9sio\" \/>\n<meta property=\"article:publisher\" content=\"https:\/\/www.facebook.com\/BlogQuerSaberPolitica\/\" \/>\n<meta property=\"article:published_time\" content=\"2012-01-15T22:00:00+00:00\" \/>\n<meta property=\"og:image\" content=\"http:\/\/www.quersaberpolitica.com.br\/2016\/wp-content\/uploads\/2012\/12\/blogqspebda3.jpg\" \/>\n<meta name=\"twitter:card\" content=\"summary_large_image\" \/>\n<meta name=\"twitter:label1\" content=\"Est. tempo de leitura\" \/>\n\t<meta name=\"twitter:data1\" content=\"2 minutos\" \/>\n<script type=\"application\/ld+json\" class=\"yoast-schema-graph\">{\"@context\":\"https:\\\/\\\/schema.org\",\"@graph\":[{\"@type\":\"Article\",\"@id\":\"https:\\\/\\\/blogdofarnesio.com.br\\\/?p=10262#article\",\"isPartOf\":{\"@id\":\"https:\\\/\\\/blogdofarnesio.com.br\\\/?p=10262\"},\"author\":{\"name\":\"\",\"@id\":\"\"},\"headline\":\"T\u00e9cnicos recebem capacita\u00e7\u00e3o para atuar com agricultores familiares quilombolas\",\"datePublished\":\"2012-01-15T22:00:00+00:00\",\"mainEntityOfPage\":{\"@id\":\"https:\\\/\\\/blogdofarnesio.com.br\\\/?p=10262\"},\"wordCount\":386,\"commentCount\":0,\"publisher\":{\"@id\":\"https:\\\/\\\/blogdofarnesio.com.br\\\/#organization\"},\"image\":{\"@id\":\"https:\\\/\\\/blogdofarnesio.com.br\\\/?p=10262#primaryimage\"},\"thumbnailUrl\":\"http:\\\/\\\/www.quersaberpolitica.com.br\\\/2016\\\/wp-content\\\/uploads\\\/2012\\\/12\\\/blogqspebda3.jpg\",\"inLanguage\":\"pt-BR\",\"potentialAction\":[{\"@type\":\"CommentAction\",\"name\":\"Comment\",\"target\":[\"https:\\\/\\\/blogdofarnesio.com.br\\\/?p=10262#respond\"]}]},{\"@type\":\"WebPage\",\"@id\":\"https:\\\/\\\/blogdofarnesio.com.br\\\/?p=10262\",\"url\":\"https:\\\/\\\/blogdofarnesio.com.br\\\/?p=10262\",\"name\":\"T\u00e9cnicos recebem capacita\u00e7\u00e3o para atuar com agricultores familiares quilombolas - Blog do Farn\u00e9sio\",\"isPartOf\":{\"@id\":\"https:\\\/\\\/blogdofarnesio.com.br\\\/#website\"},\"primaryImageOfPage\":{\"@id\":\"https:\\\/\\\/blogdofarnesio.com.br\\\/?p=10262#primaryimage\"},\"image\":{\"@id\":\"https:\\\/\\\/blogdofarnesio.com.br\\\/?p=10262#primaryimage\"},\"thumbnailUrl\":\"http:\\\/\\\/www.quersaberpolitica.com.br\\\/2016\\\/wp-content\\\/uploads\\\/2012\\\/12\\\/blogqspebda3.jpg\",\"datePublished\":\"2012-01-15T22:00:00+00:00\",\"breadcrumb\":{\"@id\":\"https:\\\/\\\/blogdofarnesio.com.br\\\/?p=10262#breadcrumb\"},\"inLanguage\":\"pt-BR\",\"potentialAction\":[{\"@type\":\"ReadAction\",\"target\":[\"https:\\\/\\\/blogdofarnesio.com.br\\\/?p=10262\"]}]},{\"@type\":\"ImageObject\",\"inLanguage\":\"pt-BR\",\"@id\":\"https:\\\/\\\/blogdofarnesio.com.br\\\/?p=10262#primaryimage\",\"url\":\"http:\\\/\\\/www.quersaberpolitica.com.br\\\/2016\\\/wp-content\\\/uploads\\\/2012\\\/12\\\/blogqspebda3.jpg\",\"contentUrl\":\"http:\\\/\\\/www.quersaberpolitica.com.br\\\/2016\\\/wp-content\\\/uploads\\\/2012\\\/12\\\/blogqspebda3.jpg\"},{\"@type\":\"BreadcrumbList\",\"@id\":\"https:\\\/\\\/blogdofarnesio.com.br\\\/?p=10262#breadcrumb\",\"itemListElement\":[{\"@type\":\"ListItem\",\"position\":1,\"name\":\"In\u00edcio\",\"item\":\"https:\\\/\\\/blogdofarnesio.com.br\\\/\"},{\"@type\":\"ListItem\",\"position\":2,\"name\":\"T\u00e9cnicos recebem capacita\u00e7\u00e3o para atuar com agricultores familiares quilombolas\"}]},{\"@type\":\"WebSite\",\"@id\":\"https:\\\/\\\/blogdofarnesio.com.br\\\/#website\",\"url\":\"https:\\\/\\\/blogdofarnesio.com.br\\\/\",\"name\":\"Blog do Farn\u00e9sio\",\"description\":\"Quer Saber Pol\u00edtica?\",\"publisher\":{\"@id\":\"https:\\\/\\\/blogdofarnesio.com.br\\\/#organization\"},\"potentialAction\":[{\"@type\":\"SearchAction\",\"target\":{\"@type\":\"EntryPoint\",\"urlTemplate\":\"https:\\\/\\\/blogdofarnesio.com.br\\\/?s={search_term_string}\"},\"query-input\":{\"@type\":\"PropertyValueSpecification\",\"valueRequired\":true,\"valueName\":\"search_term_string\"}}],\"inLanguage\":\"pt-BR\"},{\"@type\":\"Organization\",\"@id\":\"https:\\\/\\\/blogdofarnesio.com.br\\\/#organization\",\"name\":\"Blog do Farn\u00e9sio\",\"url\":\"https:\\\/\\\/blogdofarnesio.com.br\\\/\",\"logo\":{\"@type\":\"ImageObject\",\"inLanguage\":\"pt-BR\",\"@id\":\"https:\\\/\\\/blogdofarnesio.com.br\\\/#\\\/schema\\\/logo\\\/image\\\/\",\"url\":\"https:\\\/\\\/blogdofarnesio.com.br\\\/wp-content\\\/uploads\\\/2026\\\/03\\\/cropped-logo_new-1.png\",\"contentUrl\":\"https:\\\/\\\/blogdofarnesio.com.br\\\/wp-content\\\/uploads\\\/2026\\\/03\\\/cropped-logo_new-1.png\",\"width\":881,\"height\":685,\"caption\":\"Blog do Farn\u00e9sio\"},\"image\":{\"@id\":\"https:\\\/\\\/blogdofarnesio.com.br\\\/#\\\/schema\\\/logo\\\/image\\\/\"},\"sameAs\":[\"https:\\\/\\\/www.facebook.com\\\/BlogQuerSaberPolitica\\\/\"]}]}<\/script>\n<!-- \/ Yoast SEO plugin. -->","yoast_head_json":{"title":"T\u00e9cnicos recebem capacita\u00e7\u00e3o para atuar com agricultores familiares quilombolas - Blog do Farn\u00e9sio","robots":{"index":"index","follow":"follow","max-snippet":"max-snippet:-1","max-image-preview":"max-image-preview:large","max-video-preview":"max-video-preview:-1"},"canonical":"https:\/\/blogdofarnesio.com.br\/?p=10262","og_locale":"pt_BR","og_type":"article","og_title":"T\u00e9cnicos recebem capacita\u00e7\u00e3o para atuar com agricultores familiares quilombolas - Blog do Farn\u00e9sio","og_description":"A Empresa Baiana de Desenvolvimento Agr&iacute;cola (EBDA), &oacute;rg&atilde;o vinculado &agrave; Secretaria da Agricultura, sediar&aacute;, entre os dias 16 a 21 de janeiro, das 8h &agrave;s 12h e das 14h &agrave;s 18h, o Curso Preparat&oacute;rio para Atua&ccedil;&atilde;o de T&eacute;cnicos no Plano Brasil Sem Mis&eacute;ria, atrav&eacute;s da 3&ordf; Chamada P&uacute;blica de Assist&ecirc;ncia T&eacute;cnica e Extens&atilde;o Rural (Ater) para comunidades remanescentes de quilombos. O evento ser&aacute; realizado no Centro de Treinamento da Empresa, em Salvador. O curso consistir&aacute;&nbsp;na apresenta&ccedil;&atilde;o detalhada do Plano Brasil Sem Mis&eacute;ria, com foco na quest&atilde;o da extrema pobreza e no conjunto de pol&iacute;ticas p&uacute;blicas ofertadas &agrave;s comunidades, tais como o Programa de Aquisi&ccedil;&atilde;o de Alimentos (PAA), o Programa Nacional de Alimenta&ccedil;&atilde;o Escolar (Pnae), o &Aacute;gua Para Todos e a&hellip;","og_url":"https:\/\/blogdofarnesio.com.br\/?p=10262","og_site_name":"Blog do Farn\u00e9sio","article_publisher":"https:\/\/www.facebook.com\/BlogQuerSaberPolitica\/","article_published_time":"2012-01-15T22:00:00+00:00","og_image":[{"url":"http:\/\/www.quersaberpolitica.com.br\/2016\/wp-content\/uploads\/2012\/12\/blogqspebda3.jpg","type":"","width":"","height":""}],"twitter_card":"summary_large_image","twitter_misc":{"Est. tempo de leitura":"2 minutos"},"schema":{"@context":"https:\/\/schema.org","@graph":[{"@type":"Article","@id":"https:\/\/blogdofarnesio.com.br\/?p=10262#article","isPartOf":{"@id":"https:\/\/blogdofarnesio.com.br\/?p=10262"},"author":{"name":"","@id":""},"headline":"T\u00e9cnicos recebem capacita\u00e7\u00e3o para atuar com agricultores familiares quilombolas","datePublished":"2012-01-15T22:00:00+00:00","mainEntityOfPage":{"@id":"https:\/\/blogdofarnesio.com.br\/?p=10262"},"wordCount":386,"commentCount":0,"publisher":{"@id":"https:\/\/blogdofarnesio.com.br\/#organization"},"image":{"@id":"https:\/\/blogdofarnesio.com.br\/?p=10262#primaryimage"},"thumbnailUrl":"http:\/\/www.quersaberpolitica.com.br\/2016\/wp-content\/uploads\/2012\/12\/blogqspebda3.jpg","inLanguage":"pt-BR","potentialAction":[{"@type":"CommentAction","name":"Comment","target":["https:\/\/blogdofarnesio.com.br\/?p=10262#respond"]}]},{"@type":"WebPage","@id":"https:\/\/blogdofarnesio.com.br\/?p=10262","url":"https:\/\/blogdofarnesio.com.br\/?p=10262","name":"T\u00e9cnicos recebem capacita\u00e7\u00e3o para atuar com agricultores familiares quilombolas - Blog do Farn\u00e9sio","isPartOf":{"@id":"https:\/\/blogdofarnesio.com.br\/#website"},"primaryImageOfPage":{"@id":"https:\/\/blogdofarnesio.com.br\/?p=10262#primaryimage"},"image":{"@id":"https:\/\/blogdofarnesio.com.br\/?p=10262#primaryimage"},"thumbnailUrl":"http:\/\/www.quersaberpolitica.com.br\/2016\/wp-content\/uploads\/2012\/12\/blogqspebda3.jpg","datePublished":"2012-01-15T22:00:00+00:00","breadcrumb":{"@id":"https:\/\/blogdofarnesio.com.br\/?p=10262#breadcrumb"},"inLanguage":"pt-BR","potentialAction":[{"@type":"ReadAction","target":["https:\/\/blogdofarnesio.com.br\/?p=10262"]}]},{"@type":"ImageObject","inLanguage":"pt-BR","@id":"https:\/\/blogdofarnesio.com.br\/?p=10262#primaryimage","url":"http:\/\/www.quersaberpolitica.com.br\/2016\/wp-content\/uploads\/2012\/12\/blogqspebda3.jpg","contentUrl":"http:\/\/www.quersaberpolitica.com.br\/2016\/wp-content\/uploads\/2012\/12\/blogqspebda3.jpg"},{"@type":"BreadcrumbList","@id":"https:\/\/blogdofarnesio.com.br\/?p=10262#breadcrumb","itemListElement":[{"@type":"ListItem","position":1,"name":"In\u00edcio","item":"https:\/\/blogdofarnesio.com.br\/"},{"@type":"ListItem","position":2,"name":"T\u00e9cnicos recebem capacita\u00e7\u00e3o para atuar com agricultores familiares quilombolas"}]},{"@type":"WebSite","@id":"https:\/\/blogdofarnesio.com.br\/#website","url":"https:\/\/blogdofarnesio.com.br\/","name":"Blog do Farn\u00e9sio","description":"Quer Saber Pol\u00edtica?","publisher":{"@id":"https:\/\/blogdofarnesio.com.br\/#organization"},"potentialAction":[{"@type":"SearchAction","target":{"@type":"EntryPoint","urlTemplate":"https:\/\/blogdofarnesio.com.br\/?s={search_term_string}"},"query-input":{"@type":"PropertyValueSpecification","valueRequired":true,"valueName":"search_term_string"}}],"inLanguage":"pt-BR"},{"@type":"Organization","@id":"https:\/\/blogdofarnesio.com.br\/#organization","name":"Blog do Farn\u00e9sio","url":"https:\/\/blogdofarnesio.com.br\/","logo":{"@type":"ImageObject","inLanguage":"pt-BR","@id":"https:\/\/blogdofarnesio.com.br\/#\/schema\/logo\/image\/","url":"https:\/\/blogdofarnesio.com.br\/wp-content\/uploads\/2026\/03\/cropped-logo_new-1.png","contentUrl":"https:\/\/blogdofarnesio.com.br\/wp-content\/uploads\/2026\/03\/cropped-logo_new-1.png","width":881,"height":685,"caption":"Blog do Farn\u00e9sio"},"image":{"@id":"https:\/\/blogdofarnesio.com.br\/#\/schema\/logo\/image\/"},"sameAs":["https:\/\/www.facebook.com\/BlogQuerSaberPolitica\/"]}]}},"_links":{"self":[{"href":"https:\/\/blogdofarnesio.com.br\/index.php?rest_route=\/wp\/v2\/posts\/10262","targetHints":{"allow":["GET"]}}],"collection":[{"href":"https:\/\/blogdofarnesio.com.br\/index.php?rest_route=\/wp\/v2\/posts"}],"about":[{"href":"https:\/\/blogdofarnesio.com.br\/index.php?rest_route=\/wp\/v2\/types\/post"}],"replies":[{"embeddable":true,"href":"https:\/\/blogdofarnesio.com.br\/index.php?rest_route=%2Fwp%2Fv2%2Fcomments&post=10262"}],"version-history":[{"count":0,"href":"https:\/\/blogdofarnesio.com.br\/index.php?rest_route=\/wp\/v2\/posts\/10262\/revisions"}],"wp:attachment":[{"href":"https:\/\/blogdofarnesio.com.br\/index.php?rest_route=%2Fwp%2Fv2%2Fmedia&parent=10262"}],"wp:term":[{"taxonomy":"category","embeddable":true,"href":"https:\/\/blogdofarnesio.com.br\/index.php?rest_route=%2Fwp%2Fv2%2Fcategories&post=10262"},{"taxonomy":"post_tag","embeddable":true,"href":"https:\/\/blogdofarnesio.com.br\/index.php?rest_route=%2Fwp%2Fv2%2Ftags&post=10262"}],"curies":[{"name":"wp","href":"https:\/\/api.w.org\/{rel}","templated":true}]}}