{"id":10230,"date":"2012-01-13T09:32:01","date_gmt":"2012-01-13T09:32:01","guid":{"rendered":"http:\/\/www.quersaberpolitica.com.br?p=10230"},"modified":"-0001-11-30T00:00:00","modified_gmt":"-0001-11-30T03:00:00","slug":"gianecchini-fez-autotransplante-de-medula-ossea-diz-boletim-medico","status":"publish","type":"post","link":"https:\/\/blogdofarnesio.com.br\/?p=10230","title":{"rendered":"Gianecchini fez autotransplante de medula \u00f3ssea, diz boletim m\u00e9dico"},"content":{"rendered":"<p>&nbsp;<\/p>\n<div style=\"background-image: initial; background-attachment: initial; background-origin: initial; background-clip: initial; margin: 8px;\">\n<h1><span style=\"font-size: xx-small;\"><span style=\"font-family: arial, helvetica, sans-serif;\">Do EGO, em S&atilde;o Paulo&nbsp;(Foto: Francisco Cepeda \/ Ag. News)<\/span><\/span><\/h1>\n<p><span style=\"font-size: xx-small;\"><\/span><\/p>\n<p style=\"text-align: justify;\"><span style=\"font-size: xx-small;\"><span style=\"font-family: arial, helvetica, sans-serif;\"><a title=\"Comente\" href=\"http:\/\/ego.globo.com\/famosos\/noticia\/2012\/01\/gianecchini-faz-autotransplante.html\"><\/a><\/span><\/span><img loading=\"lazy\" decoding=\"async\" style=\"float: left; margin-top: 5px; margin-bottom: 5px; margin-left: 10px; margin-right: 10px;\" title=\"Reynaldo Gianecchini (arquivo) (Foto: Francisco Cepeda \/ Ag. News)\" src=\"http:\/\/s.glbimg.com\/jo\/eg\/f\/original\/2011\/08\/30\/reynaldo.jpg\" alt=\"Reynaldo Gianecchini (arquivo) (Foto: Francisco Cepeda \/ Ag. News)\" width=\"200\" height=\"150\" \/><span style=\"font-size: medium;\"><span style=\"font-size: small;\"><span style=\"font-family: arial, helvetica, sans-serif;\"><a href=\"http:\/\/ego.globo.com\/famosos\/noticia\/2012\/01\/reynaldo-gianecchini-esta-internado-em-sao-paulo-para-realizar-exame.html\" target=\"_self\">Reynaldo Gianecchini<\/a>&nbsp;fez o autotransplante de c&eacute;lulas tronco retiradas da medula &oacute;ssea nesta quinta, 12, no hospital S&iacute;rio Liban&ecirc;s, em S&atilde;o Paulo, informam os m&eacute;dicos do ator.<\/span><\/span><\/span><\/p>\n<p style=\"text-align: justify;\"><span style=\"font-size: medium;\"><span style=\"font-size: small;\"><span style=\"font-family: arial, helvetica, sans-serif;\">O tratamento, que retira c&eacute;lulas sadias da medula e as reimplanta depois de uma alta dose de quimioterapia, &eacute; muito eficaz no combate ao c&acirc;ncer.<\/span><\/span><\/span><\/p>\n<p style=\"text-align: justify;\"><span style=\"font-size: small;\"><span style=\"font-family: arial, helvetica, sans-serif;\">Nas palavras t&eacute;cnicas do boletim m&eacute;dico, assinado pelos m&eacute;dicos Yana Novis e&nbsp; Vanderson Rocha, Giane &#8220;recebeu uma infus&atilde;o de c&eacute;lulas tronco de sangue perif&eacute;rico, como parte do autotransplante de medula &oacute;ssea, para tratamento de linfoma T Angioimunobl&aacute;stico.&#8221;&nbsp;Ainda segundo a nota do hospital, o &#8220;procedimento transcorreu sem intercorr&ecirc;ncias e o paciente permanecer&aacute; internado para recupera&ccedil;&atilde;o&#8221;.<\/span><\/span><\/p>\n<p style=\"text-align: justify;\"><span style=\"font-size: medium;\"><span style=\"font-size: small;\"><span style=\"font-family: arial, helvetica, sans-serif;\"><strong><em>Longa espera at&eacute; o autotransplante<\/em><\/strong><br \/>Gianecchini, diagnosticado com um c&acirc;ncer linf&aacute;tico &#8211; um linfoma T Angioimunobl&aacute;stico &#8211; em 2011, passou por uma s&eacute;rie de exames e cuidados at&eacute; estar apto a fazer o autotransplante de medula &oacute;ssa.<\/span><\/span><\/span><\/p>\n<p style=\"text-align: justify;\"><span style=\"font-size: small;\"><span style=\"font-family: arial, helvetica, sans-serif;\">Ap&oacute;s&nbsp;<a href=\"http:\/\/ego.globo.com\/famosos\/noticia\/2012\/01\/exame-da-sinal-verde-e-gianecchini-vai-fazer-o-autotransplante.html\" target=\"_self\">colher c&eacute;lulas troncos<\/a>&nbsp;e descobrir que elas estavam prontas para o autotransplante, o ator&nbsp; teve que frear o tratamento para se recuperar de uma&nbsp;<a href=\"http:\/\/ego.globo.com\/famosos\/noticia\/2012\/01\/gianecchini-vai-passar-por-exame-para-avaliar-se-pode-fazer-transplante.html\" target=\"_self\">infec&ccedil;&atilde;o causada por um fungo transmitido por pombos<\/a>.&nbsp;Ap&oacute;s internado em 1&ordm; de janeiro , Gianecchini passou por uma bateria de exames, entre eles um PET Scan, uma esp&eacute;cie de tomografia que visava avaliar as condi&ccedil;&otilde;es dos &oacute;rg&atilde;os e tecidos do ator.<\/span><\/span><\/p>\n<\/div>\n","protected":false},"excerpt":{"rendered":"<p>&nbsp; Do EGO, em S&atilde;o Paulo&nbsp;(Foto: Francisco Cepeda \/ Ag. News) Reynaldo Gianecchini&nbsp;fez o autotransplante de c&eacute;lulas tronco retiradas da medula &oacute;ssea nesta quinta, 12, no hospital S&iacute;rio Liban&ecirc;s, em S&atilde;o Paulo, informam os m&eacute;dicos do ator. O tratamento, que retira c&eacute;lulas sadias da medula e as reimplanta depois de uma alta dose de quimioterapia, &eacute; muito eficaz no combate ao c&acirc;ncer. Nas palavras t&eacute;cnicas do boletim m&eacute;dico, assinado pelos m&eacute;dicos Yana Novis e&nbsp; Vanderson Rocha, Giane &#8220;recebeu uma infus&atilde;o de c&eacute;lulas tronco de sangue perif&eacute;rico, como parte do autotransplante de medula &oacute;ssea, para tratamento de linfoma T Angioimunobl&aacute;stico.&#8221;&nbsp;Ainda segundo a nota do hospital, o &#8220;procedimento transcorreu sem intercorr&ecirc;ncias e o paciente permanecer&aacute; internado para recupera&ccedil;&atilde;o&#8221;. Longa espera at&eacute; o&hellip; <\/p>\n","protected":false},"author":0,"featured_media":0,"comment_status":"open","ping_status":"open","sticky":false,"template":"","format":"standard","meta":{"_acf_changed":false,"footnotes":""},"categories":[43],"tags":[],"class_list":["post-10230","post","type-post","status-publish","format-standard","hentry","category-sem-categoria"],"acf":[],"yoast_head":"<!-- This site is optimized with the Yoast SEO plugin v27.4 - https:\/\/yoast.com\/product\/yoast-seo-wordpress\/ -->\n<title>Gianecchini fez autotransplante de medula \u00f3ssea, diz boletim m\u00e9dico  - Blog do Farn\u00e9sio<\/title>\n<meta name=\"robots\" content=\"index, follow, max-snippet:-1, max-image-preview:large, max-video-preview:-1\" \/>\n<link rel=\"canonical\" href=\"https:\/\/blogdofarnesio.com.br\/?p=10230\" \/>\n<meta property=\"og:locale\" content=\"pt_BR\" \/>\n<meta property=\"og:type\" content=\"article\" \/>\n<meta property=\"og:title\" content=\"Gianecchini fez autotransplante de medula \u00f3ssea, diz boletim m\u00e9dico  - Blog do Farn\u00e9sio\" \/>\n<meta property=\"og:description\" content=\"&nbsp; Do EGO, em S&atilde;o Paulo&nbsp;(Foto: Francisco Cepeda \/ Ag. News) Reynaldo Gianecchini&nbsp;fez o autotransplante de c&eacute;lulas tronco retiradas da medula &oacute;ssea nesta quinta, 12, no hospital S&iacute;rio Liban&ecirc;s, em S&atilde;o Paulo, informam os m&eacute;dicos do ator. O tratamento, que retira c&eacute;lulas sadias da medula e as reimplanta depois de uma alta dose de quimioterapia, &eacute; muito eficaz no combate ao c&acirc;ncer. Nas palavras t&eacute;cnicas do boletim m&eacute;dico, assinado pelos m&eacute;dicos Yana Novis e&nbsp; Vanderson Rocha, Giane &#8220;recebeu uma infus&atilde;o de c&eacute;lulas tronco de sangue perif&eacute;rico, como parte do autotransplante de medula &oacute;ssea, para tratamento de linfoma T Angioimunobl&aacute;stico.&#8221;&nbsp;Ainda segundo a nota do hospital, o &#8220;procedimento transcorreu sem intercorr&ecirc;ncias e o paciente permanecer&aacute; internado para recupera&ccedil;&atilde;o&#8221;. Longa espera at&eacute; o&hellip;\" \/>\n<meta property=\"og:url\" content=\"https:\/\/blogdofarnesio.com.br\/?p=10230\" \/>\n<meta property=\"og:site_name\" content=\"Blog do Farn\u00e9sio\" \/>\n<meta property=\"article:publisher\" content=\"https:\/\/www.facebook.com\/BlogQuerSaberPolitica\/\" \/>\n<meta property=\"article:published_time\" content=\"2012-01-13T09:32:01+00:00\" \/>\n<meta property=\"og:image\" content=\"http:\/\/s.glbimg.com\/jo\/eg\/f\/original\/2011\/08\/30\/reynaldo.jpg\" \/>\n<meta name=\"twitter:card\" content=\"summary_large_image\" \/>\n<meta name=\"twitter:label1\" content=\"Est. tempo de leitura\" \/>\n\t<meta name=\"twitter:data1\" content=\"1 minuto\" \/>\n<script type=\"application\/ld+json\" class=\"yoast-schema-graph\">{\"@context\":\"https:\\\/\\\/schema.org\",\"@graph\":[{\"@type\":\"Article\",\"@id\":\"https:\\\/\\\/blogdofarnesio.com.br\\\/?p=10230#article\",\"isPartOf\":{\"@id\":\"https:\\\/\\\/blogdofarnesio.com.br\\\/?p=10230\"},\"author\":{\"name\":\"\",\"@id\":\"\"},\"headline\":\"Gianecchini fez autotransplante de medula \u00f3ssea, diz boletim m\u00e9dico\",\"datePublished\":\"2012-01-13T09:32:01+00:00\",\"mainEntityOfPage\":{\"@id\":\"https:\\\/\\\/blogdofarnesio.com.br\\\/?p=10230\"},\"wordCount\":304,\"commentCount\":0,\"publisher\":{\"@id\":\"https:\\\/\\\/blogdofarnesio.com.br\\\/#organization\"},\"image\":{\"@id\":\"https:\\\/\\\/blogdofarnesio.com.br\\\/?p=10230#primaryimage\"},\"thumbnailUrl\":\"http:\\\/\\\/s.glbimg.com\\\/jo\\\/eg\\\/f\\\/original\\\/2011\\\/08\\\/30\\\/reynaldo.jpg\",\"inLanguage\":\"pt-BR\",\"potentialAction\":[{\"@type\":\"CommentAction\",\"name\":\"Comment\",\"target\":[\"https:\\\/\\\/blogdofarnesio.com.br\\\/?p=10230#respond\"]}]},{\"@type\":\"WebPage\",\"@id\":\"https:\\\/\\\/blogdofarnesio.com.br\\\/?p=10230\",\"url\":\"https:\\\/\\\/blogdofarnesio.com.br\\\/?p=10230\",\"name\":\"Gianecchini fez autotransplante de medula \u00f3ssea, diz boletim m\u00e9dico - Blog do Farn\u00e9sio\",\"isPartOf\":{\"@id\":\"https:\\\/\\\/blogdofarnesio.com.br\\\/#website\"},\"primaryImageOfPage\":{\"@id\":\"https:\\\/\\\/blogdofarnesio.com.br\\\/?p=10230#primaryimage\"},\"image\":{\"@id\":\"https:\\\/\\\/blogdofarnesio.com.br\\\/?p=10230#primaryimage\"},\"thumbnailUrl\":\"http:\\\/\\\/s.glbimg.com\\\/jo\\\/eg\\\/f\\\/original\\\/2011\\\/08\\\/30\\\/reynaldo.jpg\",\"datePublished\":\"2012-01-13T09:32:01+00:00\",\"breadcrumb\":{\"@id\":\"https:\\\/\\\/blogdofarnesio.com.br\\\/?p=10230#breadcrumb\"},\"inLanguage\":\"pt-BR\",\"potentialAction\":[{\"@type\":\"ReadAction\",\"target\":[\"https:\\\/\\\/blogdofarnesio.com.br\\\/?p=10230\"]}]},{\"@type\":\"ImageObject\",\"inLanguage\":\"pt-BR\",\"@id\":\"https:\\\/\\\/blogdofarnesio.com.br\\\/?p=10230#primaryimage\",\"url\":\"http:\\\/\\\/s.glbimg.com\\\/jo\\\/eg\\\/f\\\/original\\\/2011\\\/08\\\/30\\\/reynaldo.jpg\",\"contentUrl\":\"http:\\\/\\\/s.glbimg.com\\\/jo\\\/eg\\\/f\\\/original\\\/2011\\\/08\\\/30\\\/reynaldo.jpg\"},{\"@type\":\"BreadcrumbList\",\"@id\":\"https:\\\/\\\/blogdofarnesio.com.br\\\/?p=10230#breadcrumb\",\"itemListElement\":[{\"@type\":\"ListItem\",\"position\":1,\"name\":\"In\u00edcio\",\"item\":\"https:\\\/\\\/blogdofarnesio.com.br\\\/\"},{\"@type\":\"ListItem\",\"position\":2,\"name\":\"Gianecchini fez autotransplante de medula \u00f3ssea, diz boletim m\u00e9dico\"}]},{\"@type\":\"WebSite\",\"@id\":\"https:\\\/\\\/blogdofarnesio.com.br\\\/#website\",\"url\":\"https:\\\/\\\/blogdofarnesio.com.br\\\/\",\"name\":\"Blog do Farn\u00e9sio\",\"description\":\"Quer Saber Pol\u00edtica?\",\"publisher\":{\"@id\":\"https:\\\/\\\/blogdofarnesio.com.br\\\/#organization\"},\"potentialAction\":[{\"@type\":\"SearchAction\",\"target\":{\"@type\":\"EntryPoint\",\"urlTemplate\":\"https:\\\/\\\/blogdofarnesio.com.br\\\/?s={search_term_string}\"},\"query-input\":{\"@type\":\"PropertyValueSpecification\",\"valueRequired\":true,\"valueName\":\"search_term_string\"}}],\"inLanguage\":\"pt-BR\"},{\"@type\":\"Organization\",\"@id\":\"https:\\\/\\\/blogdofarnesio.com.br\\\/#organization\",\"name\":\"Blog do Farn\u00e9sio\",\"url\":\"https:\\\/\\\/blogdofarnesio.com.br\\\/\",\"logo\":{\"@type\":\"ImageObject\",\"inLanguage\":\"pt-BR\",\"@id\":\"https:\\\/\\\/blogdofarnesio.com.br\\\/#\\\/schema\\\/logo\\\/image\\\/\",\"url\":\"https:\\\/\\\/blogdofarnesio.com.br\\\/wp-content\\\/uploads\\\/2026\\\/03\\\/cropped-logo_new-1.png\",\"contentUrl\":\"https:\\\/\\\/blogdofarnesio.com.br\\\/wp-content\\\/uploads\\\/2026\\\/03\\\/cropped-logo_new-1.png\",\"width\":881,\"height\":685,\"caption\":\"Blog do Farn\u00e9sio\"},\"image\":{\"@id\":\"https:\\\/\\\/blogdofarnesio.com.br\\\/#\\\/schema\\\/logo\\\/image\\\/\"},\"sameAs\":[\"https:\\\/\\\/www.facebook.com\\\/BlogQuerSaberPolitica\\\/\"]}]}<\/script>\n<!-- \/ Yoast SEO plugin. -->","yoast_head_json":{"title":"Gianecchini fez autotransplante de medula \u00f3ssea, diz boletim m\u00e9dico  - Blog do Farn\u00e9sio","robots":{"index":"index","follow":"follow","max-snippet":"max-snippet:-1","max-image-preview":"max-image-preview:large","max-video-preview":"max-video-preview:-1"},"canonical":"https:\/\/blogdofarnesio.com.br\/?p=10230","og_locale":"pt_BR","og_type":"article","og_title":"Gianecchini fez autotransplante de medula \u00f3ssea, diz boletim m\u00e9dico  - Blog do Farn\u00e9sio","og_description":"&nbsp; Do EGO, em S&atilde;o Paulo&nbsp;(Foto: Francisco Cepeda \/ Ag. News) Reynaldo Gianecchini&nbsp;fez o autotransplante de c&eacute;lulas tronco retiradas da medula &oacute;ssea nesta quinta, 12, no hospital S&iacute;rio Liban&ecirc;s, em S&atilde;o Paulo, informam os m&eacute;dicos do ator. O tratamento, que retira c&eacute;lulas sadias da medula e as reimplanta depois de uma alta dose de quimioterapia, &eacute; muito eficaz no combate ao c&acirc;ncer. Nas palavras t&eacute;cnicas do boletim m&eacute;dico, assinado pelos m&eacute;dicos Yana Novis e&nbsp; Vanderson Rocha, Giane &#8220;recebeu uma infus&atilde;o de c&eacute;lulas tronco de sangue perif&eacute;rico, como parte do autotransplante de medula &oacute;ssea, para tratamento de linfoma T Angioimunobl&aacute;stico.&#8221;&nbsp;Ainda segundo a nota do hospital, o &#8220;procedimento transcorreu sem intercorr&ecirc;ncias e o paciente permanecer&aacute; internado para recupera&ccedil;&atilde;o&#8221;. Longa espera at&eacute; o&hellip;","og_url":"https:\/\/blogdofarnesio.com.br\/?p=10230","og_site_name":"Blog do Farn\u00e9sio","article_publisher":"https:\/\/www.facebook.com\/BlogQuerSaberPolitica\/","article_published_time":"2012-01-13T09:32:01+00:00","og_image":[{"url":"http:\/\/s.glbimg.com\/jo\/eg\/f\/original\/2011\/08\/30\/reynaldo.jpg","type":"","width":"","height":""}],"twitter_card":"summary_large_image","twitter_misc":{"Est. tempo de leitura":"1 minuto"},"schema":{"@context":"https:\/\/schema.org","@graph":[{"@type":"Article","@id":"https:\/\/blogdofarnesio.com.br\/?p=10230#article","isPartOf":{"@id":"https:\/\/blogdofarnesio.com.br\/?p=10230"},"author":{"name":"","@id":""},"headline":"Gianecchini fez autotransplante de medula \u00f3ssea, diz boletim m\u00e9dico","datePublished":"2012-01-13T09:32:01+00:00","mainEntityOfPage":{"@id":"https:\/\/blogdofarnesio.com.br\/?p=10230"},"wordCount":304,"commentCount":0,"publisher":{"@id":"https:\/\/blogdofarnesio.com.br\/#organization"},"image":{"@id":"https:\/\/blogdofarnesio.com.br\/?p=10230#primaryimage"},"thumbnailUrl":"http:\/\/s.glbimg.com\/jo\/eg\/f\/original\/2011\/08\/30\/reynaldo.jpg","inLanguage":"pt-BR","potentialAction":[{"@type":"CommentAction","name":"Comment","target":["https:\/\/blogdofarnesio.com.br\/?p=10230#respond"]}]},{"@type":"WebPage","@id":"https:\/\/blogdofarnesio.com.br\/?p=10230","url":"https:\/\/blogdofarnesio.com.br\/?p=10230","name":"Gianecchini fez autotransplante de medula \u00f3ssea, diz boletim m\u00e9dico - Blog do Farn\u00e9sio","isPartOf":{"@id":"https:\/\/blogdofarnesio.com.br\/#website"},"primaryImageOfPage":{"@id":"https:\/\/blogdofarnesio.com.br\/?p=10230#primaryimage"},"image":{"@id":"https:\/\/blogdofarnesio.com.br\/?p=10230#primaryimage"},"thumbnailUrl":"http:\/\/s.glbimg.com\/jo\/eg\/f\/original\/2011\/08\/30\/reynaldo.jpg","datePublished":"2012-01-13T09:32:01+00:00","breadcrumb":{"@id":"https:\/\/blogdofarnesio.com.br\/?p=10230#breadcrumb"},"inLanguage":"pt-BR","potentialAction":[{"@type":"ReadAction","target":["https:\/\/blogdofarnesio.com.br\/?p=10230"]}]},{"@type":"ImageObject","inLanguage":"pt-BR","@id":"https:\/\/blogdofarnesio.com.br\/?p=10230#primaryimage","url":"http:\/\/s.glbimg.com\/jo\/eg\/f\/original\/2011\/08\/30\/reynaldo.jpg","contentUrl":"http:\/\/s.glbimg.com\/jo\/eg\/f\/original\/2011\/08\/30\/reynaldo.jpg"},{"@type":"BreadcrumbList","@id":"https:\/\/blogdofarnesio.com.br\/?p=10230#breadcrumb","itemListElement":[{"@type":"ListItem","position":1,"name":"In\u00edcio","item":"https:\/\/blogdofarnesio.com.br\/"},{"@type":"ListItem","position":2,"name":"Gianecchini fez autotransplante de medula \u00f3ssea, diz boletim m\u00e9dico"}]},{"@type":"WebSite","@id":"https:\/\/blogdofarnesio.com.br\/#website","url":"https:\/\/blogdofarnesio.com.br\/","name":"Blog do Farn\u00e9sio","description":"Quer Saber Pol\u00edtica?","publisher":{"@id":"https:\/\/blogdofarnesio.com.br\/#organization"},"potentialAction":[{"@type":"SearchAction","target":{"@type":"EntryPoint","urlTemplate":"https:\/\/blogdofarnesio.com.br\/?s={search_term_string}"},"query-input":{"@type":"PropertyValueSpecification","valueRequired":true,"valueName":"search_term_string"}}],"inLanguage":"pt-BR"},{"@type":"Organization","@id":"https:\/\/blogdofarnesio.com.br\/#organization","name":"Blog do Farn\u00e9sio","url":"https:\/\/blogdofarnesio.com.br\/","logo":{"@type":"ImageObject","inLanguage":"pt-BR","@id":"https:\/\/blogdofarnesio.com.br\/#\/schema\/logo\/image\/","url":"https:\/\/blogdofarnesio.com.br\/wp-content\/uploads\/2026\/03\/cropped-logo_new-1.png","contentUrl":"https:\/\/blogdofarnesio.com.br\/wp-content\/uploads\/2026\/03\/cropped-logo_new-1.png","width":881,"height":685,"caption":"Blog do Farn\u00e9sio"},"image":{"@id":"https:\/\/blogdofarnesio.com.br\/#\/schema\/logo\/image\/"},"sameAs":["https:\/\/www.facebook.com\/BlogQuerSaberPolitica\/"]}]}},"_links":{"self":[{"href":"https:\/\/blogdofarnesio.com.br\/index.php?rest_route=\/wp\/v2\/posts\/10230","targetHints":{"allow":["GET"]}}],"collection":[{"href":"https:\/\/blogdofarnesio.com.br\/index.php?rest_route=\/wp\/v2\/posts"}],"about":[{"href":"https:\/\/blogdofarnesio.com.br\/index.php?rest_route=\/wp\/v2\/types\/post"}],"replies":[{"embeddable":true,"href":"https:\/\/blogdofarnesio.com.br\/index.php?rest_route=%2Fwp%2Fv2%2Fcomments&post=10230"}],"version-history":[{"count":0,"href":"https:\/\/blogdofarnesio.com.br\/index.php?rest_route=\/wp\/v2\/posts\/10230\/revisions"}],"wp:attachment":[{"href":"https:\/\/blogdofarnesio.com.br\/index.php?rest_route=%2Fwp%2Fv2%2Fmedia&parent=10230"}],"wp:term":[{"taxonomy":"category","embeddable":true,"href":"https:\/\/blogdofarnesio.com.br\/index.php?rest_route=%2Fwp%2Fv2%2Fcategories&post=10230"},{"taxonomy":"post_tag","embeddable":true,"href":"https:\/\/blogdofarnesio.com.br\/index.php?rest_route=%2Fwp%2Fv2%2Ftags&post=10230"}],"curies":[{"name":"wp","href":"https:\/\/api.w.org\/{rel}","templated":true}]}}