{"id":101669,"date":"2014-10-04T13:00:32","date_gmt":"2014-10-04T16:00:32","guid":{"rendered":"http:\/\/www.quersaberpolitica.com.br\/?p=101669"},"modified":"2014-10-04T09:40:28","modified_gmt":"2014-10-04T12:40:28","slug":"pt-deve-encolher-na-camara-diz-ibope","status":"publish","type":"post","link":"https:\/\/blogdofarnesio.com.br\/?p=101669","title":{"rendered":"PT DEVE ENCOLHER NA C\u00c2MARA, DIZ IBOPE"},"content":{"rendered":"<div style=\"text-align: justify\">\n<div>\n<div><a href=\"http:\/\/www.quersaberpolitica.com.br\/2016\/wp-content\/uploads\/2013\/01\/blogqspptx.jpg\"><img loading=\"lazy\" decoding=\"async\" class=\"aligncenter  wp-image-25008\" alt=\"blogqspptx\" src=\"http:\/\/www.quersaberpolitica.com.br\/2016\/wp-content\/uploads\/2013\/01\/blogqspptx.jpg\" width=\"480\" height=\"171\" srcset=\"https:\/\/blogdofarnesio.com.br\/wp-content\/uploads\/2013\/01\/blogqspptx.jpg 1000w, https:\/\/blogdofarnesio.com.br\/wp-content\/uploads\/2013\/01\/blogqspptx-300x107.jpg 300w, https:\/\/blogdofarnesio.com.br\/wp-content\/uploads\/2013\/01\/blogqspptx-500x178.jpg 500w\" sizes=\"auto, (max-width: 480px) 100vw, 480px\" \/><\/a>Proje\u00e7\u00e3o do Ibope para as elei\u00e7\u00f5es de deputado federal mostra que o PMDB tem grandes chances de manter sua bancada e at\u00e9 crescer, enquanto o PT corre s\u00e9rio risco de diminuir de tamanho. Se a proje\u00e7\u00e3o se confirmar, os peemedebistas aumentariam a probabilidade de eleger a maior bancada e manter a estrat\u00e9gica presid\u00eancia da C\u00e2mara em 2015. Entre os mais citados nas sondagens, Eduardo Cunha (PMDB-RJ) \u00e9 o favorito ao cargo.<\/div>\n<\/div>\n<\/div>\n<div style=\"text-align: justify\">\n<p>O Ibope projetou que o PMDB deve eleger pelo menos 72 deputados federais (tem 71 hoje). Mas esse n\u00famero pode mudar. O instituto deixa 32 cadeiras indefinidas em sua proje\u00e7\u00e3o, que podem ser conquistadas por qualquer partido. Al\u00e9m disso, lembra a CEO do Ibope Intelig\u00eancia, M\u00e1rcia Cavallari, \u201ch\u00e1 uma margem de erro nas pesquisas que embasam as proje\u00e7\u00f5es sobre o n\u00famero de cadeiras\u201d. Ou seja, tamb\u00e9m pode haver varia\u00e7\u00e3o para baixo da previs\u00e3o.<\/p>\n<p>Mesmo assim, a situa\u00e7\u00e3o do PMDB \u00e9 muito mais confort\u00e1vel do que a do PT. Os petistas t\u00eam hoje 88 cadeiras na C\u00e2mara, mas dificilmente conseguir\u00e3o manter a bancada desse tamanho. Pela proje\u00e7\u00e3o do Ibope, o PT deve eleger ao menos 69 deputados. Para manter seu tamanho atual, o partido precisaria conquistar mais da metade das 32 cadeiras indefinidas.<!--more--><\/p>\n<p>Os dois partidos que disputam com chances a Presid\u00eancia da Rep\u00fablica contra o PT t\u00eam probabilidade de crescer na C\u00e2mara. O PSDB de A\u00e9cio Neves deve sair de seus atuais 44 deputados federais para, pelo menos, 46. E o PSB de Marina Silva deve crescer de 24 para, pelo menos, 27 cadeiras. Ambos podem crescer mais, dependendo de como ficar a reparti\u00e7\u00e3o das indefinidas.<\/p>\n<p>Outros partidos que devem crescer s\u00e3o o PTB (de 18 para ao menos 26) e o PRB (de 10 para 16). Partidos que devem encolher na C\u00e2mara s\u00e3o PSD (de 45 para 36), PP (de 40 para 32), DEM (de 28 para 21), PROS (de 20 para 14) e o Solidariedade (21 para 12). Tudo indica que a pulveriza\u00e7\u00e3o partid\u00e1ria vai aumentar ainda mais, obrigando o futuro presidente a negociar cada vota\u00e7\u00e3o.<\/p>\n<p>(Fonte: Estad\u00e3o Conteudo)<\/p>\n<\/div>\n","protected":false},"excerpt":{"rendered":"<p>Proje\u00e7\u00e3o do Ibope para as elei\u00e7\u00f5es de deputado federal mostra que o PMDB tem grandes chances de manter sua bancada e at\u00e9 crescer, enquanto o PT corre s\u00e9rio risco de diminuir de tamanho. Se a proje\u00e7\u00e3o se confirmar, os peemedebistas aumentariam a probabilidade de eleger a maior bancada e manter a estrat\u00e9gica presid\u00eancia da C\u00e2mara em 2015. Entre os mais citados nas sondagens, Eduardo Cunha (PMDB-RJ) \u00e9 o favorito ao cargo. O Ibope projetou que o PMDB deve eleger pelo menos 72 deputados federais (tem 71 hoje). Mas esse n\u00famero pode mudar. O instituto deixa 32 cadeiras indefinidas em sua proje\u00e7\u00e3o, que podem ser conquistadas por qualquer partido. Al\u00e9m disso, lembra a CEO do Ibope Intelig\u00eancia, M\u00e1rcia Cavallari, \u201ch\u00e1 uma&hellip; <\/p>\n","protected":false},"author":3,"featured_media":0,"comment_status":"open","ping_status":"open","sticky":false,"template":"","format":"standard","meta":{"_acf_changed":false,"footnotes":""},"categories":[34],"tags":[],"class_list":["post-101669","post","type-post","status-publish","format-standard","hentry","category-eleicoes"],"acf":[],"yoast_head":"<!-- This site is optimized with the Yoast SEO plugin v27.4 - https:\/\/yoast.com\/product\/yoast-seo-wordpress\/ -->\n<title>PT DEVE ENCOLHER NA C\u00c2MARA, DIZ IBOPE - Blog do Farn\u00e9sio<\/title>\n<meta name=\"robots\" content=\"index, follow, max-snippet:-1, max-image-preview:large, max-video-preview:-1\" \/>\n<link rel=\"canonical\" href=\"https:\/\/blogdofarnesio.com.br\/?p=101669\" \/>\n<meta property=\"og:locale\" content=\"pt_BR\" \/>\n<meta property=\"og:type\" content=\"article\" \/>\n<meta property=\"og:title\" content=\"PT DEVE ENCOLHER NA C\u00c2MARA, DIZ IBOPE - Blog do Farn\u00e9sio\" \/>\n<meta property=\"og:description\" content=\"Proje\u00e7\u00e3o do Ibope para as elei\u00e7\u00f5es de deputado federal mostra que o PMDB tem grandes chances de manter sua bancada e at\u00e9 crescer, enquanto o PT corre s\u00e9rio risco de diminuir de tamanho. Se a proje\u00e7\u00e3o se confirmar, os peemedebistas aumentariam a probabilidade de eleger a maior bancada e manter a estrat\u00e9gica presid\u00eancia da C\u00e2mara em 2015. Entre os mais citados nas sondagens, Eduardo Cunha (PMDB-RJ) \u00e9 o favorito ao cargo. O Ibope projetou que o PMDB deve eleger pelo menos 72 deputados federais (tem 71 hoje). Mas esse n\u00famero pode mudar. O instituto deixa 32 cadeiras indefinidas em sua proje\u00e7\u00e3o, que podem ser conquistadas por qualquer partido. Al\u00e9m disso, lembra a CEO do Ibope Intelig\u00eancia, M\u00e1rcia Cavallari, \u201ch\u00e1 uma&hellip;\" \/>\n<meta property=\"og:url\" content=\"https:\/\/blogdofarnesio.com.br\/?p=101669\" \/>\n<meta property=\"og:site_name\" content=\"Blog do Farn\u00e9sio\" \/>\n<meta property=\"article:publisher\" content=\"https:\/\/www.facebook.com\/BlogQuerSaberPolitica\/\" \/>\n<meta property=\"article:published_time\" content=\"2014-10-04T16:00:32+00:00\" \/>\n<meta property=\"og:image\" content=\"http:\/\/www.quersaberpolitica.com.br\/2016\/wp-content\/uploads\/2013\/01\/blogqspptx.jpg\" \/>\n<meta name=\"author\" content=\"teste\" \/>\n<meta name=\"twitter:card\" content=\"summary_large_image\" \/>\n<meta name=\"twitter:label1\" content=\"Escrito por\" \/>\n\t<meta name=\"twitter:data1\" content=\"teste\" \/>\n\t<meta name=\"twitter:label2\" content=\"Est. tempo de leitura\" \/>\n\t<meta name=\"twitter:data2\" content=\"2 minutos\" \/>\n<script type=\"application\/ld+json\" class=\"yoast-schema-graph\">{\"@context\":\"https:\\\/\\\/schema.org\",\"@graph\":[{\"@type\":\"Article\",\"@id\":\"https:\\\/\\\/blogdofarnesio.com.br\\\/?p=101669#article\",\"isPartOf\":{\"@id\":\"https:\\\/\\\/blogdofarnesio.com.br\\\/?p=101669\"},\"author\":{\"name\":\"teste\",\"@id\":\"https:\\\/\\\/blogdofarnesio.com.br\\\/#\\\/schema\\\/person\\\/dd1bf5eba40b687199ba45ca6b97dff9\"},\"headline\":\"PT DEVE ENCOLHER NA C\u00c2MARA, DIZ IBOPE\",\"datePublished\":\"2014-10-04T16:00:32+00:00\",\"mainEntityOfPage\":{\"@id\":\"https:\\\/\\\/blogdofarnesio.com.br\\\/?p=101669\"},\"wordCount\":359,\"commentCount\":0,\"publisher\":{\"@id\":\"https:\\\/\\\/blogdofarnesio.com.br\\\/#organization\"},\"image\":{\"@id\":\"https:\\\/\\\/blogdofarnesio.com.br\\\/?p=101669#primaryimage\"},\"thumbnailUrl\":\"http:\\\/\\\/www.quersaberpolitica.com.br\\\/2016\\\/wp-content\\\/uploads\\\/2013\\\/01\\\/blogqspptx.jpg\",\"articleSection\":[\"Elei\u00e7\u00f5es\"],\"inLanguage\":\"pt-BR\",\"potentialAction\":[{\"@type\":\"CommentAction\",\"name\":\"Comment\",\"target\":[\"https:\\\/\\\/blogdofarnesio.com.br\\\/?p=101669#respond\"]}]},{\"@type\":\"WebPage\",\"@id\":\"https:\\\/\\\/blogdofarnesio.com.br\\\/?p=101669\",\"url\":\"https:\\\/\\\/blogdofarnesio.com.br\\\/?p=101669\",\"name\":\"PT DEVE ENCOLHER NA C\u00c2MARA, DIZ IBOPE - Blog do Farn\u00e9sio\",\"isPartOf\":{\"@id\":\"https:\\\/\\\/blogdofarnesio.com.br\\\/#website\"},\"primaryImageOfPage\":{\"@id\":\"https:\\\/\\\/blogdofarnesio.com.br\\\/?p=101669#primaryimage\"},\"image\":{\"@id\":\"https:\\\/\\\/blogdofarnesio.com.br\\\/?p=101669#primaryimage\"},\"thumbnailUrl\":\"http:\\\/\\\/www.quersaberpolitica.com.br\\\/2016\\\/wp-content\\\/uploads\\\/2013\\\/01\\\/blogqspptx.jpg\",\"datePublished\":\"2014-10-04T16:00:32+00:00\",\"breadcrumb\":{\"@id\":\"https:\\\/\\\/blogdofarnesio.com.br\\\/?p=101669#breadcrumb\"},\"inLanguage\":\"pt-BR\",\"potentialAction\":[{\"@type\":\"ReadAction\",\"target\":[\"https:\\\/\\\/blogdofarnesio.com.br\\\/?p=101669\"]}]},{\"@type\":\"ImageObject\",\"inLanguage\":\"pt-BR\",\"@id\":\"https:\\\/\\\/blogdofarnesio.com.br\\\/?p=101669#primaryimage\",\"url\":\"http:\\\/\\\/www.quersaberpolitica.com.br\\\/2016\\\/wp-content\\\/uploads\\\/2013\\\/01\\\/blogqspptx.jpg\",\"contentUrl\":\"http:\\\/\\\/www.quersaberpolitica.com.br\\\/2016\\\/wp-content\\\/uploads\\\/2013\\\/01\\\/blogqspptx.jpg\"},{\"@type\":\"BreadcrumbList\",\"@id\":\"https:\\\/\\\/blogdofarnesio.com.br\\\/?p=101669#breadcrumb\",\"itemListElement\":[{\"@type\":\"ListItem\",\"position\":1,\"name\":\"In\u00edcio\",\"item\":\"https:\\\/\\\/blogdofarnesio.com.br\\\/\"},{\"@type\":\"ListItem\",\"position\":2,\"name\":\"PT DEVE ENCOLHER NA C\u00c2MARA, DIZ IBOPE\"}]},{\"@type\":\"WebSite\",\"@id\":\"https:\\\/\\\/blogdofarnesio.com.br\\\/#website\",\"url\":\"https:\\\/\\\/blogdofarnesio.com.br\\\/\",\"name\":\"Blog do Farn\u00e9sio\",\"description\":\"Quer Saber Pol\u00edtica?\",\"publisher\":{\"@id\":\"https:\\\/\\\/blogdofarnesio.com.br\\\/#organization\"},\"potentialAction\":[{\"@type\":\"SearchAction\",\"target\":{\"@type\":\"EntryPoint\",\"urlTemplate\":\"https:\\\/\\\/blogdofarnesio.com.br\\\/?s={search_term_string}\"},\"query-input\":{\"@type\":\"PropertyValueSpecification\",\"valueRequired\":true,\"valueName\":\"search_term_string\"}}],\"inLanguage\":\"pt-BR\"},{\"@type\":\"Organization\",\"@id\":\"https:\\\/\\\/blogdofarnesio.com.br\\\/#organization\",\"name\":\"Blog do Farn\u00e9sio\",\"url\":\"https:\\\/\\\/blogdofarnesio.com.br\\\/\",\"logo\":{\"@type\":\"ImageObject\",\"inLanguage\":\"pt-BR\",\"@id\":\"https:\\\/\\\/blogdofarnesio.com.br\\\/#\\\/schema\\\/logo\\\/image\\\/\",\"url\":\"https:\\\/\\\/blogdofarnesio.com.br\\\/wp-content\\\/uploads\\\/2026\\\/03\\\/cropped-logo_new-1.png\",\"contentUrl\":\"https:\\\/\\\/blogdofarnesio.com.br\\\/wp-content\\\/uploads\\\/2026\\\/03\\\/cropped-logo_new-1.png\",\"width\":881,\"height\":685,\"caption\":\"Blog do Farn\u00e9sio\"},\"image\":{\"@id\":\"https:\\\/\\\/blogdofarnesio.com.br\\\/#\\\/schema\\\/logo\\\/image\\\/\"},\"sameAs\":[\"https:\\\/\\\/www.facebook.com\\\/BlogQuerSaberPolitica\\\/\"]},{\"@type\":\"Person\",\"@id\":\"https:\\\/\\\/blogdofarnesio.com.br\\\/#\\\/schema\\\/person\\\/dd1bf5eba40b687199ba45ca6b97dff9\",\"name\":\"teste\",\"image\":{\"@type\":\"ImageObject\",\"inLanguage\":\"pt-BR\",\"@id\":\"https:\\\/\\\/secure.gravatar.com\\\/avatar\\\/2172498d4914b51e1d89a0f97957b035ac4938723a5cac208135d389b6972a6d?s=96&d=mm&r=g\",\"url\":\"https:\\\/\\\/secure.gravatar.com\\\/avatar\\\/2172498d4914b51e1d89a0f97957b035ac4938723a5cac208135d389b6972a6d?s=96&d=mm&r=g\",\"contentUrl\":\"https:\\\/\\\/secure.gravatar.com\\\/avatar\\\/2172498d4914b51e1d89a0f97957b035ac4938723a5cac208135d389b6972a6d?s=96&d=mm&r=g\",\"caption\":\"teste\"},\"url\":\"https:\\\/\\\/blogdofarnesio.com.br\\\/?author=3\"}]}<\/script>\n<!-- \/ Yoast SEO plugin. -->","yoast_head_json":{"title":"PT DEVE ENCOLHER NA C\u00c2MARA, DIZ IBOPE - Blog do Farn\u00e9sio","robots":{"index":"index","follow":"follow","max-snippet":"max-snippet:-1","max-image-preview":"max-image-preview:large","max-video-preview":"max-video-preview:-1"},"canonical":"https:\/\/blogdofarnesio.com.br\/?p=101669","og_locale":"pt_BR","og_type":"article","og_title":"PT DEVE ENCOLHER NA C\u00c2MARA, DIZ IBOPE - Blog do Farn\u00e9sio","og_description":"Proje\u00e7\u00e3o do Ibope para as elei\u00e7\u00f5es de deputado federal mostra que o PMDB tem grandes chances de manter sua bancada e at\u00e9 crescer, enquanto o PT corre s\u00e9rio risco de diminuir de tamanho. Se a proje\u00e7\u00e3o se confirmar, os peemedebistas aumentariam a probabilidade de eleger a maior bancada e manter a estrat\u00e9gica presid\u00eancia da C\u00e2mara em 2015. Entre os mais citados nas sondagens, Eduardo Cunha (PMDB-RJ) \u00e9 o favorito ao cargo. O Ibope projetou que o PMDB deve eleger pelo menos 72 deputados federais (tem 71 hoje). Mas esse n\u00famero pode mudar. O instituto deixa 32 cadeiras indefinidas em sua proje\u00e7\u00e3o, que podem ser conquistadas por qualquer partido. Al\u00e9m disso, lembra a CEO do Ibope Intelig\u00eancia, M\u00e1rcia Cavallari, \u201ch\u00e1 uma&hellip;","og_url":"https:\/\/blogdofarnesio.com.br\/?p=101669","og_site_name":"Blog do Farn\u00e9sio","article_publisher":"https:\/\/www.facebook.com\/BlogQuerSaberPolitica\/","article_published_time":"2014-10-04T16:00:32+00:00","og_image":[{"url":"http:\/\/www.quersaberpolitica.com.br\/2016\/wp-content\/uploads\/2013\/01\/blogqspptx.jpg","type":"","width":"","height":""}],"author":"teste","twitter_card":"summary_large_image","twitter_misc":{"Escrito por":"teste","Est. tempo de leitura":"2 minutos"},"schema":{"@context":"https:\/\/schema.org","@graph":[{"@type":"Article","@id":"https:\/\/blogdofarnesio.com.br\/?p=101669#article","isPartOf":{"@id":"https:\/\/blogdofarnesio.com.br\/?p=101669"},"author":{"name":"teste","@id":"https:\/\/blogdofarnesio.com.br\/#\/schema\/person\/dd1bf5eba40b687199ba45ca6b97dff9"},"headline":"PT DEVE ENCOLHER NA C\u00c2MARA, DIZ IBOPE","datePublished":"2014-10-04T16:00:32+00:00","mainEntityOfPage":{"@id":"https:\/\/blogdofarnesio.com.br\/?p=101669"},"wordCount":359,"commentCount":0,"publisher":{"@id":"https:\/\/blogdofarnesio.com.br\/#organization"},"image":{"@id":"https:\/\/blogdofarnesio.com.br\/?p=101669#primaryimage"},"thumbnailUrl":"http:\/\/www.quersaberpolitica.com.br\/2016\/wp-content\/uploads\/2013\/01\/blogqspptx.jpg","articleSection":["Elei\u00e7\u00f5es"],"inLanguage":"pt-BR","potentialAction":[{"@type":"CommentAction","name":"Comment","target":["https:\/\/blogdofarnesio.com.br\/?p=101669#respond"]}]},{"@type":"WebPage","@id":"https:\/\/blogdofarnesio.com.br\/?p=101669","url":"https:\/\/blogdofarnesio.com.br\/?p=101669","name":"PT DEVE ENCOLHER NA C\u00c2MARA, DIZ IBOPE - Blog do Farn\u00e9sio","isPartOf":{"@id":"https:\/\/blogdofarnesio.com.br\/#website"},"primaryImageOfPage":{"@id":"https:\/\/blogdofarnesio.com.br\/?p=101669#primaryimage"},"image":{"@id":"https:\/\/blogdofarnesio.com.br\/?p=101669#primaryimage"},"thumbnailUrl":"http:\/\/www.quersaberpolitica.com.br\/2016\/wp-content\/uploads\/2013\/01\/blogqspptx.jpg","datePublished":"2014-10-04T16:00:32+00:00","breadcrumb":{"@id":"https:\/\/blogdofarnesio.com.br\/?p=101669#breadcrumb"},"inLanguage":"pt-BR","potentialAction":[{"@type":"ReadAction","target":["https:\/\/blogdofarnesio.com.br\/?p=101669"]}]},{"@type":"ImageObject","inLanguage":"pt-BR","@id":"https:\/\/blogdofarnesio.com.br\/?p=101669#primaryimage","url":"http:\/\/www.quersaberpolitica.com.br\/2016\/wp-content\/uploads\/2013\/01\/blogqspptx.jpg","contentUrl":"http:\/\/www.quersaberpolitica.com.br\/2016\/wp-content\/uploads\/2013\/01\/blogqspptx.jpg"},{"@type":"BreadcrumbList","@id":"https:\/\/blogdofarnesio.com.br\/?p=101669#breadcrumb","itemListElement":[{"@type":"ListItem","position":1,"name":"In\u00edcio","item":"https:\/\/blogdofarnesio.com.br\/"},{"@type":"ListItem","position":2,"name":"PT DEVE ENCOLHER NA C\u00c2MARA, DIZ IBOPE"}]},{"@type":"WebSite","@id":"https:\/\/blogdofarnesio.com.br\/#website","url":"https:\/\/blogdofarnesio.com.br\/","name":"Blog do Farn\u00e9sio","description":"Quer Saber Pol\u00edtica?","publisher":{"@id":"https:\/\/blogdofarnesio.com.br\/#organization"},"potentialAction":[{"@type":"SearchAction","target":{"@type":"EntryPoint","urlTemplate":"https:\/\/blogdofarnesio.com.br\/?s={search_term_string}"},"query-input":{"@type":"PropertyValueSpecification","valueRequired":true,"valueName":"search_term_string"}}],"inLanguage":"pt-BR"},{"@type":"Organization","@id":"https:\/\/blogdofarnesio.com.br\/#organization","name":"Blog do Farn\u00e9sio","url":"https:\/\/blogdofarnesio.com.br\/","logo":{"@type":"ImageObject","inLanguage":"pt-BR","@id":"https:\/\/blogdofarnesio.com.br\/#\/schema\/logo\/image\/","url":"https:\/\/blogdofarnesio.com.br\/wp-content\/uploads\/2026\/03\/cropped-logo_new-1.png","contentUrl":"https:\/\/blogdofarnesio.com.br\/wp-content\/uploads\/2026\/03\/cropped-logo_new-1.png","width":881,"height":685,"caption":"Blog do Farn\u00e9sio"},"image":{"@id":"https:\/\/blogdofarnesio.com.br\/#\/schema\/logo\/image\/"},"sameAs":["https:\/\/www.facebook.com\/BlogQuerSaberPolitica\/"]},{"@type":"Person","@id":"https:\/\/blogdofarnesio.com.br\/#\/schema\/person\/dd1bf5eba40b687199ba45ca6b97dff9","name":"teste","image":{"@type":"ImageObject","inLanguage":"pt-BR","@id":"https:\/\/secure.gravatar.com\/avatar\/2172498d4914b51e1d89a0f97957b035ac4938723a5cac208135d389b6972a6d?s=96&d=mm&r=g","url":"https:\/\/secure.gravatar.com\/avatar\/2172498d4914b51e1d89a0f97957b035ac4938723a5cac208135d389b6972a6d?s=96&d=mm&r=g","contentUrl":"https:\/\/secure.gravatar.com\/avatar\/2172498d4914b51e1d89a0f97957b035ac4938723a5cac208135d389b6972a6d?s=96&d=mm&r=g","caption":"teste"},"url":"https:\/\/blogdofarnesio.com.br\/?author=3"}]}},"_links":{"self":[{"href":"https:\/\/blogdofarnesio.com.br\/index.php?rest_route=\/wp\/v2\/posts\/101669","targetHints":{"allow":["GET"]}}],"collection":[{"href":"https:\/\/blogdofarnesio.com.br\/index.php?rest_route=\/wp\/v2\/posts"}],"about":[{"href":"https:\/\/blogdofarnesio.com.br\/index.php?rest_route=\/wp\/v2\/types\/post"}],"author":[{"embeddable":true,"href":"https:\/\/blogdofarnesio.com.br\/index.php?rest_route=\/wp\/v2\/users\/3"}],"replies":[{"embeddable":true,"href":"https:\/\/blogdofarnesio.com.br\/index.php?rest_route=%2Fwp%2Fv2%2Fcomments&post=101669"}],"version-history":[{"count":0,"href":"https:\/\/blogdofarnesio.com.br\/index.php?rest_route=\/wp\/v2\/posts\/101669\/revisions"}],"wp:attachment":[{"href":"https:\/\/blogdofarnesio.com.br\/index.php?rest_route=%2Fwp%2Fv2%2Fmedia&parent=101669"}],"wp:term":[{"taxonomy":"category","embeddable":true,"href":"https:\/\/blogdofarnesio.com.br\/index.php?rest_route=%2Fwp%2Fv2%2Fcategories&post=101669"},{"taxonomy":"post_tag","embeddable":true,"href":"https:\/\/blogdofarnesio.com.br\/index.php?rest_route=%2Fwp%2Fv2%2Ftags&post=101669"}],"curies":[{"name":"wp","href":"https:\/\/api.w.org\/{rel}","templated":true}]}}