{"id":101580,"date":"2014-10-04T16:00:47","date_gmt":"2014-10-04T19:00:47","guid":{"rendered":"http:\/\/www.quersaberpolitica.com.br\/?p=101580"},"modified":"2014-10-04T09:52:22","modified_gmt":"2014-10-04T12:52:22","slug":"todos-juntos-contra-o-cancer-de-mama-secretaria-de-cidadania-abracou-a-ideia","status":"publish","type":"post","link":"https:\/\/blogdofarnesio.com.br\/?p=101580","title":{"rendered":"TODOS JUNTOS CONTRA O C\u00c2NCER DE MAMA! SECRETARIA DE CIDADANIA ABRA\u00c7OU A ID\u00c9IA!"},"content":{"rendered":"<p style=\"text-align: justify\"><a href=\"http:\/\/www.quersaberpolitica.com.br\/2016\/wp-content\/uploads\/2014\/10\/mama.jpg\"><img loading=\"lazy\" decoding=\"async\" class=\"aligncenter size-medium wp-image-101581\" alt=\"mama\" src=\"http:\/\/www.quersaberpolitica.com.br\/2016\/wp-content\/uploads\/2014\/10\/mama-300x180.jpg\" width=\"300\" height=\"180\" srcset=\"https:\/\/blogdofarnesio.com.br\/wp-content\/uploads\/2014\/10\/mama-300x180.jpg 300w, https:\/\/blogdofarnesio.com.br\/wp-content\/uploads\/2014\/10\/mama.jpg 448w\" sizes=\"auto, (max-width: 300px) 100vw, 300px\" \/><\/a>A Secretaria de Cidadania abra\u00e7ou a causa do Outubro Rosa com todas as for\u00e7as, reunindo cada funcion\u00e1rio a tomar parte nesta, que \u00e9 sem d\u00favidas a mais forte das campanhas em prol da luta contra o c\u00e2ncer de mama.<\/p>\n<p style=\"text-align: justify\">A Secretaria que est\u00e1 na campanha em conjunto com a Secretaria Executiva da Mulher, acionou nesta sexta \u2013feira (03), as luzes rosa nos monumentos e pr\u00e9dios s\u00edmbolos da cidade , que fazem parte da programa\u00e7\u00e3o do m\u00eas, dedicado a conscientiza\u00e7\u00e3o da luta contra o c\u00e2ncer de mama, doen\u00e7a que ainda mata muitas mulheres pelo mundo.<\/p>\n<p style=\"text-align: justify\">\u201cEssa luta n\u00e3o \u00e9 s\u00f3 de quem tem a doen\u00e7a, \u00e9 nossa tamb\u00e9m! \u00c9 preciso al\u00e9m de ajudar essas mulheres, fazer todas as outras conscientes de que qualquer mulher pode estar sujeita a passar pelo mesmo problema se n\u00e3o buscar preven\u00e7\u00e3o\u201d acrescentou a secret\u00e1ria C\u00e9lia Regina Carvalho.<!--more--><\/p>\n<p>OUTUBRO ROSA: N\u00f3s abra\u00e7amos esta id\u00e9ia contra o C\u00e2ncer de Mama, com o objetivo de conscientizar todas as mulheres sobre a import\u00e2ncia da preven\u00e7\u00e3o desse tipo de c\u00e2ncer, o segundo mais freq\u00fcente no mundo. Somente em 2012, estima-se que o Brasil registrou mais de 52 mil casos da doen\u00e7a, segundo o Instituto Nacional de C\u00e2ncer (Inca).<\/p>\n","protected":false},"excerpt":{"rendered":"<p>A Secretaria de Cidadania abra\u00e7ou a causa do Outubro Rosa com todas as for\u00e7as, reunindo cada funcion\u00e1rio a tomar parte nesta, que \u00e9 sem d\u00favidas a mais forte das campanhas em prol da luta contra o c\u00e2ncer de mama. A Secretaria que est\u00e1 na campanha em conjunto com a Secretaria Executiva da Mulher, acionou nesta sexta \u2013feira (03), as luzes rosa nos monumentos e pr\u00e9dios s\u00edmbolos da cidade , que fazem parte da programa\u00e7\u00e3o do m\u00eas, dedicado a conscientiza\u00e7\u00e3o da luta contra o c\u00e2ncer de mama, doen\u00e7a que ainda mata muitas mulheres pelo mundo. \u201cEssa luta n\u00e3o \u00e9 s\u00f3 de quem tem a doen\u00e7a, \u00e9 nossa tamb\u00e9m! \u00c9 preciso al\u00e9m de ajudar essas mulheres, fazer todas as outras conscientes de&hellip; <\/p>\n","protected":false},"author":3,"featured_media":0,"comment_status":"open","ping_status":"open","sticky":false,"template":"","format":"standard","meta":{"_acf_changed":false,"footnotes":""},"categories":[22],"tags":[],"class_list":["post-101580","post","type-post","status-publish","format-standard","hentry","category-acao-social"],"acf":[],"yoast_head":"<!-- This site is optimized with the Yoast SEO plugin v27.4 - https:\/\/yoast.com\/product\/yoast-seo-wordpress\/ -->\n<title>TODOS JUNTOS CONTRA O C\u00c2NCER DE MAMA! SECRETARIA DE CIDADANIA ABRA\u00c7OU A ID\u00c9IA! - Blog do Farn\u00e9sio<\/title>\n<meta name=\"robots\" content=\"index, follow, max-snippet:-1, max-image-preview:large, max-video-preview:-1\" \/>\n<link rel=\"canonical\" href=\"https:\/\/blogdofarnesio.com.br\/?p=101580\" \/>\n<meta property=\"og:locale\" content=\"pt_BR\" \/>\n<meta property=\"og:type\" content=\"article\" \/>\n<meta property=\"og:title\" content=\"TODOS JUNTOS CONTRA O C\u00c2NCER DE MAMA! SECRETARIA DE CIDADANIA ABRA\u00c7OU A ID\u00c9IA! - Blog do Farn\u00e9sio\" \/>\n<meta property=\"og:description\" content=\"A Secretaria de Cidadania abra\u00e7ou a causa do Outubro Rosa com todas as for\u00e7as, reunindo cada funcion\u00e1rio a tomar parte nesta, que \u00e9 sem d\u00favidas a mais forte das campanhas em prol da luta contra o c\u00e2ncer de mama. A Secretaria que est\u00e1 na campanha em conjunto com a Secretaria Executiva da Mulher, acionou nesta sexta \u2013feira (03), as luzes rosa nos monumentos e pr\u00e9dios s\u00edmbolos da cidade , que fazem parte da programa\u00e7\u00e3o do m\u00eas, dedicado a conscientiza\u00e7\u00e3o da luta contra o c\u00e2ncer de mama, doen\u00e7a que ainda mata muitas mulheres pelo mundo. \u201cEssa luta n\u00e3o \u00e9 s\u00f3 de quem tem a doen\u00e7a, \u00e9 nossa tamb\u00e9m! \u00c9 preciso al\u00e9m de ajudar essas mulheres, fazer todas as outras conscientes de&hellip;\" \/>\n<meta property=\"og:url\" content=\"https:\/\/blogdofarnesio.com.br\/?p=101580\" \/>\n<meta property=\"og:site_name\" content=\"Blog do Farn\u00e9sio\" \/>\n<meta property=\"article:publisher\" content=\"https:\/\/www.facebook.com\/BlogQuerSaberPolitica\/\" \/>\n<meta property=\"article:published_time\" content=\"2014-10-04T19:00:47+00:00\" \/>\n<meta property=\"og:image\" content=\"http:\/\/www.quersaberpolitica.com.br\/2016\/wp-content\/uploads\/2014\/10\/mama-300x180.jpg\" \/>\n<meta name=\"author\" content=\"teste\" \/>\n<meta name=\"twitter:card\" content=\"summary_large_image\" \/>\n<meta name=\"twitter:label1\" content=\"Escrito por\" \/>\n\t<meta name=\"twitter:data1\" content=\"teste\" \/>\n\t<meta name=\"twitter:label2\" content=\"Est. tempo de leitura\" \/>\n\t<meta name=\"twitter:data2\" content=\"1 minuto\" \/>\n<script type=\"application\/ld+json\" class=\"yoast-schema-graph\">{\"@context\":\"https:\\\/\\\/schema.org\",\"@graph\":[{\"@type\":\"Article\",\"@id\":\"https:\\\/\\\/blogdofarnesio.com.br\\\/?p=101580#article\",\"isPartOf\":{\"@id\":\"https:\\\/\\\/blogdofarnesio.com.br\\\/?p=101580\"},\"author\":{\"name\":\"teste\",\"@id\":\"https:\\\/\\\/blogdofarnesio.com.br\\\/#\\\/schema\\\/person\\\/dd1bf5eba40b687199ba45ca6b97dff9\"},\"headline\":\"TODOS JUNTOS CONTRA O C\u00c2NCER DE MAMA! SECRETARIA DE CIDADANIA ABRA\u00c7OU A ID\u00c9IA!\",\"datePublished\":\"2014-10-04T19:00:47+00:00\",\"mainEntityOfPage\":{\"@id\":\"https:\\\/\\\/blogdofarnesio.com.br\\\/?p=101580\"},\"wordCount\":235,\"commentCount\":0,\"publisher\":{\"@id\":\"https:\\\/\\\/blogdofarnesio.com.br\\\/#organization\"},\"image\":{\"@id\":\"https:\\\/\\\/blogdofarnesio.com.br\\\/?p=101580#primaryimage\"},\"thumbnailUrl\":\"http:\\\/\\\/www.quersaberpolitica.com.br\\\/2016\\\/wp-content\\\/uploads\\\/2014\\\/10\\\/mama-300x180.jpg\",\"articleSection\":[\"A\u00e7\u00e3o Social\"],\"inLanguage\":\"pt-BR\",\"potentialAction\":[{\"@type\":\"CommentAction\",\"name\":\"Comment\",\"target\":[\"https:\\\/\\\/blogdofarnesio.com.br\\\/?p=101580#respond\"]}]},{\"@type\":\"WebPage\",\"@id\":\"https:\\\/\\\/blogdofarnesio.com.br\\\/?p=101580\",\"url\":\"https:\\\/\\\/blogdofarnesio.com.br\\\/?p=101580\",\"name\":\"TODOS JUNTOS CONTRA O C\u00c2NCER DE MAMA! SECRETARIA DE CIDADANIA ABRA\u00c7OU A ID\u00c9IA! - Blog do Farn\u00e9sio\",\"isPartOf\":{\"@id\":\"https:\\\/\\\/blogdofarnesio.com.br\\\/#website\"},\"primaryImageOfPage\":{\"@id\":\"https:\\\/\\\/blogdofarnesio.com.br\\\/?p=101580#primaryimage\"},\"image\":{\"@id\":\"https:\\\/\\\/blogdofarnesio.com.br\\\/?p=101580#primaryimage\"},\"thumbnailUrl\":\"http:\\\/\\\/www.quersaberpolitica.com.br\\\/2016\\\/wp-content\\\/uploads\\\/2014\\\/10\\\/mama-300x180.jpg\",\"datePublished\":\"2014-10-04T19:00:47+00:00\",\"breadcrumb\":{\"@id\":\"https:\\\/\\\/blogdofarnesio.com.br\\\/?p=101580#breadcrumb\"},\"inLanguage\":\"pt-BR\",\"potentialAction\":[{\"@type\":\"ReadAction\",\"target\":[\"https:\\\/\\\/blogdofarnesio.com.br\\\/?p=101580\"]}]},{\"@type\":\"ImageObject\",\"inLanguage\":\"pt-BR\",\"@id\":\"https:\\\/\\\/blogdofarnesio.com.br\\\/?p=101580#primaryimage\",\"url\":\"http:\\\/\\\/www.quersaberpolitica.com.br\\\/2016\\\/wp-content\\\/uploads\\\/2014\\\/10\\\/mama-300x180.jpg\",\"contentUrl\":\"http:\\\/\\\/www.quersaberpolitica.com.br\\\/2016\\\/wp-content\\\/uploads\\\/2014\\\/10\\\/mama-300x180.jpg\"},{\"@type\":\"BreadcrumbList\",\"@id\":\"https:\\\/\\\/blogdofarnesio.com.br\\\/?p=101580#breadcrumb\",\"itemListElement\":[{\"@type\":\"ListItem\",\"position\":1,\"name\":\"In\u00edcio\",\"item\":\"https:\\\/\\\/blogdofarnesio.com.br\\\/\"},{\"@type\":\"ListItem\",\"position\":2,\"name\":\"TODOS JUNTOS CONTRA O C\u00c2NCER DE MAMA! SECRETARIA DE CIDADANIA ABRA\u00c7OU A ID\u00c9IA!\"}]},{\"@type\":\"WebSite\",\"@id\":\"https:\\\/\\\/blogdofarnesio.com.br\\\/#website\",\"url\":\"https:\\\/\\\/blogdofarnesio.com.br\\\/\",\"name\":\"Blog do Farn\u00e9sio\",\"description\":\"Quer Saber Pol\u00edtica?\",\"publisher\":{\"@id\":\"https:\\\/\\\/blogdofarnesio.com.br\\\/#organization\"},\"potentialAction\":[{\"@type\":\"SearchAction\",\"target\":{\"@type\":\"EntryPoint\",\"urlTemplate\":\"https:\\\/\\\/blogdofarnesio.com.br\\\/?s={search_term_string}\"},\"query-input\":{\"@type\":\"PropertyValueSpecification\",\"valueRequired\":true,\"valueName\":\"search_term_string\"}}],\"inLanguage\":\"pt-BR\"},{\"@type\":\"Organization\",\"@id\":\"https:\\\/\\\/blogdofarnesio.com.br\\\/#organization\",\"name\":\"Blog do Farn\u00e9sio\",\"url\":\"https:\\\/\\\/blogdofarnesio.com.br\\\/\",\"logo\":{\"@type\":\"ImageObject\",\"inLanguage\":\"pt-BR\",\"@id\":\"https:\\\/\\\/blogdofarnesio.com.br\\\/#\\\/schema\\\/logo\\\/image\\\/\",\"url\":\"https:\\\/\\\/blogdofarnesio.com.br\\\/wp-content\\\/uploads\\\/2026\\\/03\\\/cropped-logo_new-1.png\",\"contentUrl\":\"https:\\\/\\\/blogdofarnesio.com.br\\\/wp-content\\\/uploads\\\/2026\\\/03\\\/cropped-logo_new-1.png\",\"width\":881,\"height\":685,\"caption\":\"Blog do Farn\u00e9sio\"},\"image\":{\"@id\":\"https:\\\/\\\/blogdofarnesio.com.br\\\/#\\\/schema\\\/logo\\\/image\\\/\"},\"sameAs\":[\"https:\\\/\\\/www.facebook.com\\\/BlogQuerSaberPolitica\\\/\"]},{\"@type\":\"Person\",\"@id\":\"https:\\\/\\\/blogdofarnesio.com.br\\\/#\\\/schema\\\/person\\\/dd1bf5eba40b687199ba45ca6b97dff9\",\"name\":\"teste\",\"image\":{\"@type\":\"ImageObject\",\"inLanguage\":\"pt-BR\",\"@id\":\"https:\\\/\\\/secure.gravatar.com\\\/avatar\\\/2172498d4914b51e1d89a0f97957b035ac4938723a5cac208135d389b6972a6d?s=96&d=mm&r=g\",\"url\":\"https:\\\/\\\/secure.gravatar.com\\\/avatar\\\/2172498d4914b51e1d89a0f97957b035ac4938723a5cac208135d389b6972a6d?s=96&d=mm&r=g\",\"contentUrl\":\"https:\\\/\\\/secure.gravatar.com\\\/avatar\\\/2172498d4914b51e1d89a0f97957b035ac4938723a5cac208135d389b6972a6d?s=96&d=mm&r=g\",\"caption\":\"teste\"},\"url\":\"https:\\\/\\\/blogdofarnesio.com.br\\\/?author=3\"}]}<\/script>\n<!-- \/ Yoast SEO plugin. -->","yoast_head_json":{"title":"TODOS JUNTOS CONTRA O C\u00c2NCER DE MAMA! SECRETARIA DE CIDADANIA ABRA\u00c7OU A ID\u00c9IA! - Blog do Farn\u00e9sio","robots":{"index":"index","follow":"follow","max-snippet":"max-snippet:-1","max-image-preview":"max-image-preview:large","max-video-preview":"max-video-preview:-1"},"canonical":"https:\/\/blogdofarnesio.com.br\/?p=101580","og_locale":"pt_BR","og_type":"article","og_title":"TODOS JUNTOS CONTRA O C\u00c2NCER DE MAMA! SECRETARIA DE CIDADANIA ABRA\u00c7OU A ID\u00c9IA! - Blog do Farn\u00e9sio","og_description":"A Secretaria de Cidadania abra\u00e7ou a causa do Outubro Rosa com todas as for\u00e7as, reunindo cada funcion\u00e1rio a tomar parte nesta, que \u00e9 sem d\u00favidas a mais forte das campanhas em prol da luta contra o c\u00e2ncer de mama. A Secretaria que est\u00e1 na campanha em conjunto com a Secretaria Executiva da Mulher, acionou nesta sexta \u2013feira (03), as luzes rosa nos monumentos e pr\u00e9dios s\u00edmbolos da cidade , que fazem parte da programa\u00e7\u00e3o do m\u00eas, dedicado a conscientiza\u00e7\u00e3o da luta contra o c\u00e2ncer de mama, doen\u00e7a que ainda mata muitas mulheres pelo mundo. \u201cEssa luta n\u00e3o \u00e9 s\u00f3 de quem tem a doen\u00e7a, \u00e9 nossa tamb\u00e9m! \u00c9 preciso al\u00e9m de ajudar essas mulheres, fazer todas as outras conscientes de&hellip;","og_url":"https:\/\/blogdofarnesio.com.br\/?p=101580","og_site_name":"Blog do Farn\u00e9sio","article_publisher":"https:\/\/www.facebook.com\/BlogQuerSaberPolitica\/","article_published_time":"2014-10-04T19:00:47+00:00","og_image":[{"url":"http:\/\/www.quersaberpolitica.com.br\/2016\/wp-content\/uploads\/2014\/10\/mama-300x180.jpg","type":"","width":"","height":""}],"author":"teste","twitter_card":"summary_large_image","twitter_misc":{"Escrito por":"teste","Est. tempo de leitura":"1 minuto"},"schema":{"@context":"https:\/\/schema.org","@graph":[{"@type":"Article","@id":"https:\/\/blogdofarnesio.com.br\/?p=101580#article","isPartOf":{"@id":"https:\/\/blogdofarnesio.com.br\/?p=101580"},"author":{"name":"teste","@id":"https:\/\/blogdofarnesio.com.br\/#\/schema\/person\/dd1bf5eba40b687199ba45ca6b97dff9"},"headline":"TODOS JUNTOS CONTRA O C\u00c2NCER DE MAMA! SECRETARIA DE CIDADANIA ABRA\u00c7OU A ID\u00c9IA!","datePublished":"2014-10-04T19:00:47+00:00","mainEntityOfPage":{"@id":"https:\/\/blogdofarnesio.com.br\/?p=101580"},"wordCount":235,"commentCount":0,"publisher":{"@id":"https:\/\/blogdofarnesio.com.br\/#organization"},"image":{"@id":"https:\/\/blogdofarnesio.com.br\/?p=101580#primaryimage"},"thumbnailUrl":"http:\/\/www.quersaberpolitica.com.br\/2016\/wp-content\/uploads\/2014\/10\/mama-300x180.jpg","articleSection":["A\u00e7\u00e3o Social"],"inLanguage":"pt-BR","potentialAction":[{"@type":"CommentAction","name":"Comment","target":["https:\/\/blogdofarnesio.com.br\/?p=101580#respond"]}]},{"@type":"WebPage","@id":"https:\/\/blogdofarnesio.com.br\/?p=101580","url":"https:\/\/blogdofarnesio.com.br\/?p=101580","name":"TODOS JUNTOS CONTRA O C\u00c2NCER DE MAMA! SECRETARIA DE CIDADANIA ABRA\u00c7OU A ID\u00c9IA! - Blog do Farn\u00e9sio","isPartOf":{"@id":"https:\/\/blogdofarnesio.com.br\/#website"},"primaryImageOfPage":{"@id":"https:\/\/blogdofarnesio.com.br\/?p=101580#primaryimage"},"image":{"@id":"https:\/\/blogdofarnesio.com.br\/?p=101580#primaryimage"},"thumbnailUrl":"http:\/\/www.quersaberpolitica.com.br\/2016\/wp-content\/uploads\/2014\/10\/mama-300x180.jpg","datePublished":"2014-10-04T19:00:47+00:00","breadcrumb":{"@id":"https:\/\/blogdofarnesio.com.br\/?p=101580#breadcrumb"},"inLanguage":"pt-BR","potentialAction":[{"@type":"ReadAction","target":["https:\/\/blogdofarnesio.com.br\/?p=101580"]}]},{"@type":"ImageObject","inLanguage":"pt-BR","@id":"https:\/\/blogdofarnesio.com.br\/?p=101580#primaryimage","url":"http:\/\/www.quersaberpolitica.com.br\/2016\/wp-content\/uploads\/2014\/10\/mama-300x180.jpg","contentUrl":"http:\/\/www.quersaberpolitica.com.br\/2016\/wp-content\/uploads\/2014\/10\/mama-300x180.jpg"},{"@type":"BreadcrumbList","@id":"https:\/\/blogdofarnesio.com.br\/?p=101580#breadcrumb","itemListElement":[{"@type":"ListItem","position":1,"name":"In\u00edcio","item":"https:\/\/blogdofarnesio.com.br\/"},{"@type":"ListItem","position":2,"name":"TODOS JUNTOS CONTRA O C\u00c2NCER DE MAMA! SECRETARIA DE CIDADANIA ABRA\u00c7OU A ID\u00c9IA!"}]},{"@type":"WebSite","@id":"https:\/\/blogdofarnesio.com.br\/#website","url":"https:\/\/blogdofarnesio.com.br\/","name":"Blog do Farn\u00e9sio","description":"Quer Saber Pol\u00edtica?","publisher":{"@id":"https:\/\/blogdofarnesio.com.br\/#organization"},"potentialAction":[{"@type":"SearchAction","target":{"@type":"EntryPoint","urlTemplate":"https:\/\/blogdofarnesio.com.br\/?s={search_term_string}"},"query-input":{"@type":"PropertyValueSpecification","valueRequired":true,"valueName":"search_term_string"}}],"inLanguage":"pt-BR"},{"@type":"Organization","@id":"https:\/\/blogdofarnesio.com.br\/#organization","name":"Blog do Farn\u00e9sio","url":"https:\/\/blogdofarnesio.com.br\/","logo":{"@type":"ImageObject","inLanguage":"pt-BR","@id":"https:\/\/blogdofarnesio.com.br\/#\/schema\/logo\/image\/","url":"https:\/\/blogdofarnesio.com.br\/wp-content\/uploads\/2026\/03\/cropped-logo_new-1.png","contentUrl":"https:\/\/blogdofarnesio.com.br\/wp-content\/uploads\/2026\/03\/cropped-logo_new-1.png","width":881,"height":685,"caption":"Blog do Farn\u00e9sio"},"image":{"@id":"https:\/\/blogdofarnesio.com.br\/#\/schema\/logo\/image\/"},"sameAs":["https:\/\/www.facebook.com\/BlogQuerSaberPolitica\/"]},{"@type":"Person","@id":"https:\/\/blogdofarnesio.com.br\/#\/schema\/person\/dd1bf5eba40b687199ba45ca6b97dff9","name":"teste","image":{"@type":"ImageObject","inLanguage":"pt-BR","@id":"https:\/\/secure.gravatar.com\/avatar\/2172498d4914b51e1d89a0f97957b035ac4938723a5cac208135d389b6972a6d?s=96&d=mm&r=g","url":"https:\/\/secure.gravatar.com\/avatar\/2172498d4914b51e1d89a0f97957b035ac4938723a5cac208135d389b6972a6d?s=96&d=mm&r=g","contentUrl":"https:\/\/secure.gravatar.com\/avatar\/2172498d4914b51e1d89a0f97957b035ac4938723a5cac208135d389b6972a6d?s=96&d=mm&r=g","caption":"teste"},"url":"https:\/\/blogdofarnesio.com.br\/?author=3"}]}},"_links":{"self":[{"href":"https:\/\/blogdofarnesio.com.br\/index.php?rest_route=\/wp\/v2\/posts\/101580","targetHints":{"allow":["GET"]}}],"collection":[{"href":"https:\/\/blogdofarnesio.com.br\/index.php?rest_route=\/wp\/v2\/posts"}],"about":[{"href":"https:\/\/blogdofarnesio.com.br\/index.php?rest_route=\/wp\/v2\/types\/post"}],"author":[{"embeddable":true,"href":"https:\/\/blogdofarnesio.com.br\/index.php?rest_route=\/wp\/v2\/users\/3"}],"replies":[{"embeddable":true,"href":"https:\/\/blogdofarnesio.com.br\/index.php?rest_route=%2Fwp%2Fv2%2Fcomments&post=101580"}],"version-history":[{"count":0,"href":"https:\/\/blogdofarnesio.com.br\/index.php?rest_route=\/wp\/v2\/posts\/101580\/revisions"}],"wp:attachment":[{"href":"https:\/\/blogdofarnesio.com.br\/index.php?rest_route=%2Fwp%2Fv2%2Fmedia&parent=101580"}],"wp:term":[{"taxonomy":"category","embeddable":true,"href":"https:\/\/blogdofarnesio.com.br\/index.php?rest_route=%2Fwp%2Fv2%2Fcategories&post=101580"},{"taxonomy":"post_tag","embeddable":true,"href":"https:\/\/blogdofarnesio.com.br\/index.php?rest_route=%2Fwp%2Fv2%2Ftags&post=101580"}],"curies":[{"name":"wp","href":"https:\/\/api.w.org\/{rel}","templated":true}]}}