{"id":101068,"date":"2014-10-01T08:34:35","date_gmt":"2014-10-01T11:34:35","guid":{"rendered":"http:\/\/www.quersaberpolitica.com.br\/?p=101068"},"modified":"2014-09-30T21:15:48","modified_gmt":"2014-10-01T00:15:48","slug":"isaac-e-ministro-dos-transportes-assinam-edital-de-licitacao-da-travessia-urbana-de-juazeiro-e-visitam-obras-da-br-235","status":"publish","type":"post","link":"https:\/\/blogdofarnesio.com.br\/?p=101068","title":{"rendered":"ISAAC E MINISTRO DOS TRANSPORTES ASSINAM EDITAL DE LICITA\u00c7\u00c3O DA TRAVESSIA URBANA DE JUAZEIRO E VISITAM OBRAS DA BR 235"},"content":{"rendered":"<p style=\"text-align: justify\"><a href=\"http:\/\/www.quersaberpolitica.com.br\/2016\/wp-content\/uploads\/2014\/09\/blogqspisaacmintransporte.jpg\"><img loading=\"lazy\" decoding=\"async\" class=\"aligncenter size-full wp-image-101093\" title=\"Foto Farn\u00e9sio Silva\" alt=\"blogqspisaacmintransporte Foto Farn\u00e9sio Silva\" src=\"http:\/\/www.quersaberpolitica.com.br\/2016\/wp-content\/uploads\/2014\/09\/blogqspisaacmintransporte.jpg\" width=\"448\" height=\"207\" srcset=\"https:\/\/blogdofarnesio.com.br\/wp-content\/uploads\/2014\/09\/blogqspisaacmintransporte.jpg 448w, https:\/\/blogdofarnesio.com.br\/wp-content\/uploads\/2014\/09\/blogqspisaacmintransporte-300x138.jpg 300w\" sizes=\"auto, (max-width: 448px) 100vw, 448px\" \/><\/a>Em solenidade bastante concorrida no Pa\u00e7o Municipal, na manh\u00e3 desta ter\u00e7a-feira (30) o prefeito Isaac Carvalho recebeu o ministro Paulo S\u00e9rgio Passos (Transportes) para assinatura do edital de licita\u00e7\u00e3o da Travessia Urbana de Juazeiro.<\/p>\n<p style=\"text-align: justify\">Participaram da solenidade o superintendente do DNIT Bahia, Amauri Souza Lima, o presidente da C\u00e2mara Municipal de Juazeiro, Pedro Alc\u00e2ntara Filho, os vereadores Agnaldo Meira, Tiano F\u00e9lix e Caff\u00e9, o assessor de Infraestrutura, Fl\u00e1vio Luiz, e secret\u00e1rios municipais.<\/p>\n<p style=\"text-align: justify\">Isaac agradeceu a visita do ministro ao munic\u00edpio e mais uma vez ressaltou a import\u00e2ncia da parceria com os governos federal e estadual, que tem trazido in\u00fameros investimentos para Juazeiro. \u201cNestes \u00faltimos anos esse apoio tem sido fundamental para tirarmos a cidade do atraso em que se encontrava, especialmente na \u00e1rea da infraestrutura.<\/p>\n<p style=\"text-align: justify\">S\u00e3o grandes obras sendo entregues e outras em curso impulsionando o nosso desenvolvimento, a exemplo da Travessia Urbana que a partir da assinatura deste edital de licita\u00e7\u00e3o ser\u00e1 iniciada ainda este ano\u201d, anunciou o prefeito.<\/p>\n<p style=\"text-align: justify\">A duplica\u00e7\u00e3o da BR 407 \u2013 que compreende cerca de 10 km no trecho urbano entre a ponte Presidente Dutra e a entrada do Distrito Industrial \u2013 ter\u00e1 um investimento de R$ 76,6 milh\u00f5es.<!--more--> Paulo S\u00e9rgio Passos lembrou que o projeto foi redimensionado e melhorado, contando agora com nove viadutos e duas passagens inferiores. \u201cEssa obra ter\u00e1 excelente qualidade t\u00e9cnica com o conjunto de viadutos e demais acessos. E a mesma trar\u00e1 muitos benef\u00edcios \u00e0 popula\u00e7\u00e3o juazeirense, garantindo que a vida na \u00e1rea urbana transcorra dentro da normalidade, sem transtornos e com maior seguran\u00e7a no tr\u00e2nsito para motoristas e pedestres. Esperamos anunciar a empresa vencedora para executar a obra dentro de no m\u00e1ximo trinta dias\u201d, disse o ministro.<\/p>\n<p style=\"text-align: justify\">Ap\u00f3s a assinatura do edital de licita\u00e7\u00e3o o prefeito e o ministro visitaram as obras da BR-235, al\u00e9m de participarem de reuni\u00e3o com representantes dos cons\u00f3rcios. Na oportunidade o superintendente do DNIT\/Bahia fez uma apresenta\u00e7\u00e3o do projeto, explicando como est\u00e1 o andamento de todos os lotes da rodovia federal. \u201cSomente dentro da Bahia o recurso aplicado na BR 235 \u00e9 da ordem de R$ 1 bilh\u00e3o e por fazer parte do PAC 2 \u00e9 tratada como priorit\u00e1ria\u201d, explicou Amauri Souza Lima.<\/p>\n<p style=\"text-align: justify\">Especificamente no lote 4 (trecho Juazeiro\/Pinh\u00f5es), executado pelo cons\u00f3rcio Pavservice\/SVC, o valor aplicado \u00e9 de R$ 100 milh\u00f5es e est\u00e1 com 35% de obra conclu\u00edda. O canteiro conta com 02 usinas pr\u00f3prias, uma de produ\u00e7\u00e3o de brita e outra de asfalto, 150 m\u00e1quinas e 250 oper\u00e1rios. \u201cEsta rodovia integra 10 munic\u00edpios baianos, interliga nosso Estado a Sergipe e \u00e9 muito importante tanto para a nossa regi\u00e3o quanto para todo o Nordeste. \u00c9 um sonho de muito tempo que agora se realiza atrav\u00e9s dessa parceria de sucesso entre as tr\u00eas esferas de governo\u201d, ressaltou o prefeito Isaac.<\/p>\n<p style=\"text-align: justify\">Paulo S\u00e9rgio Passos lembrou que a Bahia tem sido contemplada com volumoso investimento em infraestrutura, a exemplo da Via Expressa em Salvador e da BR 235, dentre muitas outras obras. \u201cEstamos alavancando o desenvolvimento de todas as regi\u00f5es do nosso pa\u00eds e a Bahia n\u00e3o podia ficar de fora. Foram d\u00e9cadas e d\u00e9cadas de atraso, com escassos recursos aplicados em obras estruturantes. Basta perceber a diferen\u00e7a, de R$ 2 bilh\u00f5es investidos entre 1998 e 2002 em todo o Brasil, somente no atual governo o pa\u00eds j\u00e1 est\u00e1 pr\u00f3ximo de chegar aos 14 bilh\u00f5es revertidos em importantes obras para a popula\u00e7\u00e3o\u201d, destacou o ministro.<\/p>\n","protected":false},"excerpt":{"rendered":"<p>Em solenidade bastante concorrida no Pa\u00e7o Municipal, na manh\u00e3 desta ter\u00e7a-feira (30) o prefeito Isaac Carvalho recebeu o ministro Paulo S\u00e9rgio Passos (Transportes) para assinatura do edital de licita\u00e7\u00e3o da Travessia Urbana de Juazeiro. Participaram da solenidade o superintendente do DNIT Bahia, Amauri Souza Lima, o presidente da C\u00e2mara Municipal de Juazeiro, Pedro Alc\u00e2ntara Filho, os vereadores Agnaldo Meira, Tiano F\u00e9lix e Caff\u00e9, o assessor de Infraestrutura, Fl\u00e1vio Luiz, e secret\u00e1rios municipais. Isaac agradeceu a visita do ministro ao munic\u00edpio e mais uma vez ressaltou a import\u00e2ncia da parceria com os governos federal e estadual, que tem trazido in\u00fameros investimentos para Juazeiro. \u201cNestes \u00faltimos anos esse apoio tem sido fundamental para tirarmos a cidade do atraso em que se encontrava,&hellip; <\/p>\n","protected":false},"author":3,"featured_media":0,"comment_status":"open","ping_status":"open","sticky":false,"template":"","format":"standard","meta":{"_acf_changed":false,"footnotes":""},"categories":[17,14],"tags":[],"class_list":["post-101068","post","type-post","status-publish","format-standard","hentry","category-estradas","category-infraestrutura"],"acf":[],"yoast_head":"<!-- This site is optimized with the Yoast SEO plugin v27.4 - https:\/\/yoast.com\/product\/yoast-seo-wordpress\/ -->\n<title>ISAAC E MINISTRO DOS TRANSPORTES ASSINAM EDITAL DE LICITA\u00c7\u00c3O DA TRAVESSIA URBANA DE JUAZEIRO E VISITAM OBRAS DA BR 235 - Blog do Farn\u00e9sio<\/title>\n<meta name=\"robots\" content=\"index, follow, max-snippet:-1, max-image-preview:large, max-video-preview:-1\" \/>\n<link rel=\"canonical\" href=\"https:\/\/blogdofarnesio.com.br\/?p=101068\" \/>\n<meta property=\"og:locale\" content=\"pt_BR\" \/>\n<meta property=\"og:type\" content=\"article\" \/>\n<meta property=\"og:title\" content=\"ISAAC E MINISTRO DOS TRANSPORTES ASSINAM EDITAL DE LICITA\u00c7\u00c3O DA TRAVESSIA URBANA DE JUAZEIRO E VISITAM OBRAS DA BR 235 - Blog do Farn\u00e9sio\" \/>\n<meta property=\"og:description\" content=\"Em solenidade bastante concorrida no Pa\u00e7o Municipal, na manh\u00e3 desta ter\u00e7a-feira (30) o prefeito Isaac Carvalho recebeu o ministro Paulo S\u00e9rgio Passos (Transportes) para assinatura do edital de licita\u00e7\u00e3o da Travessia Urbana de Juazeiro. Participaram da solenidade o superintendente do DNIT Bahia, Amauri Souza Lima, o presidente da C\u00e2mara Municipal de Juazeiro, Pedro Alc\u00e2ntara Filho, os vereadores Agnaldo Meira, Tiano F\u00e9lix e Caff\u00e9, o assessor de Infraestrutura, Fl\u00e1vio Luiz, e secret\u00e1rios municipais. Isaac agradeceu a visita do ministro ao munic\u00edpio e mais uma vez ressaltou a import\u00e2ncia da parceria com os governos federal e estadual, que tem trazido in\u00fameros investimentos para Juazeiro. \u201cNestes \u00faltimos anos esse apoio tem sido fundamental para tirarmos a cidade do atraso em que se encontrava,&hellip;\" \/>\n<meta property=\"og:url\" content=\"https:\/\/blogdofarnesio.com.br\/?p=101068\" \/>\n<meta property=\"og:site_name\" content=\"Blog do Farn\u00e9sio\" \/>\n<meta property=\"article:publisher\" content=\"https:\/\/www.facebook.com\/BlogQuerSaberPolitica\/\" \/>\n<meta property=\"article:published_time\" content=\"2014-10-01T11:34:35+00:00\" \/>\n<meta property=\"og:image\" content=\"http:\/\/www.quersaberpolitica.com.br\/2016\/wp-content\/uploads\/2014\/09\/blogqspisaacmintransporte.jpg\" \/>\n<meta name=\"author\" content=\"teste\" \/>\n<meta name=\"twitter:card\" content=\"summary_large_image\" \/>\n<meta name=\"twitter:label1\" content=\"Escrito por\" \/>\n\t<meta name=\"twitter:data1\" content=\"teste\" \/>\n\t<meta name=\"twitter:label2\" content=\"Est. tempo de leitura\" \/>\n\t<meta name=\"twitter:data2\" content=\"3 minutos\" \/>\n<script type=\"application\/ld+json\" class=\"yoast-schema-graph\">{\"@context\":\"https:\\\/\\\/schema.org\",\"@graph\":[{\"@type\":\"Article\",\"@id\":\"https:\\\/\\\/blogdofarnesio.com.br\\\/?p=101068#article\",\"isPartOf\":{\"@id\":\"https:\\\/\\\/blogdofarnesio.com.br\\\/?p=101068\"},\"author\":{\"name\":\"teste\",\"@id\":\"https:\\\/\\\/blogdofarnesio.com.br\\\/#\\\/schema\\\/person\\\/dd1bf5eba40b687199ba45ca6b97dff9\"},\"headline\":\"ISAAC E MINISTRO DOS TRANSPORTES ASSINAM EDITAL DE LICITA\u00c7\u00c3O DA TRAVESSIA URBANA DE JUAZEIRO E VISITAM OBRAS DA BR 235\",\"datePublished\":\"2014-10-01T11:34:35+00:00\",\"mainEntityOfPage\":{\"@id\":\"https:\\\/\\\/blogdofarnesio.com.br\\\/?p=101068\"},\"wordCount\":609,\"commentCount\":0,\"publisher\":{\"@id\":\"https:\\\/\\\/blogdofarnesio.com.br\\\/#organization\"},\"image\":{\"@id\":\"https:\\\/\\\/blogdofarnesio.com.br\\\/?p=101068#primaryimage\"},\"thumbnailUrl\":\"http:\\\/\\\/www.quersaberpolitica.com.br\\\/2016\\\/wp-content\\\/uploads\\\/2014\\\/09\\\/blogqspisaacmintransporte.jpg\",\"articleSection\":[\"Estradas\",\"Infraestrutura\"],\"inLanguage\":\"pt-BR\",\"potentialAction\":[{\"@type\":\"CommentAction\",\"name\":\"Comment\",\"target\":[\"https:\\\/\\\/blogdofarnesio.com.br\\\/?p=101068#respond\"]}]},{\"@type\":\"WebPage\",\"@id\":\"https:\\\/\\\/blogdofarnesio.com.br\\\/?p=101068\",\"url\":\"https:\\\/\\\/blogdofarnesio.com.br\\\/?p=101068\",\"name\":\"ISAAC E MINISTRO DOS TRANSPORTES ASSINAM EDITAL DE LICITA\u00c7\u00c3O DA TRAVESSIA URBANA DE JUAZEIRO E VISITAM OBRAS DA BR 235 - Blog do Farn\u00e9sio\",\"isPartOf\":{\"@id\":\"https:\\\/\\\/blogdofarnesio.com.br\\\/#website\"},\"primaryImageOfPage\":{\"@id\":\"https:\\\/\\\/blogdofarnesio.com.br\\\/?p=101068#primaryimage\"},\"image\":{\"@id\":\"https:\\\/\\\/blogdofarnesio.com.br\\\/?p=101068#primaryimage\"},\"thumbnailUrl\":\"http:\\\/\\\/www.quersaberpolitica.com.br\\\/2016\\\/wp-content\\\/uploads\\\/2014\\\/09\\\/blogqspisaacmintransporte.jpg\",\"datePublished\":\"2014-10-01T11:34:35+00:00\",\"breadcrumb\":{\"@id\":\"https:\\\/\\\/blogdofarnesio.com.br\\\/?p=101068#breadcrumb\"},\"inLanguage\":\"pt-BR\",\"potentialAction\":[{\"@type\":\"ReadAction\",\"target\":[\"https:\\\/\\\/blogdofarnesio.com.br\\\/?p=101068\"]}]},{\"@type\":\"ImageObject\",\"inLanguage\":\"pt-BR\",\"@id\":\"https:\\\/\\\/blogdofarnesio.com.br\\\/?p=101068#primaryimage\",\"url\":\"http:\\\/\\\/www.quersaberpolitica.com.br\\\/2016\\\/wp-content\\\/uploads\\\/2014\\\/09\\\/blogqspisaacmintransporte.jpg\",\"contentUrl\":\"http:\\\/\\\/www.quersaberpolitica.com.br\\\/2016\\\/wp-content\\\/uploads\\\/2014\\\/09\\\/blogqspisaacmintransporte.jpg\"},{\"@type\":\"BreadcrumbList\",\"@id\":\"https:\\\/\\\/blogdofarnesio.com.br\\\/?p=101068#breadcrumb\",\"itemListElement\":[{\"@type\":\"ListItem\",\"position\":1,\"name\":\"In\u00edcio\",\"item\":\"https:\\\/\\\/blogdofarnesio.com.br\\\/\"},{\"@type\":\"ListItem\",\"position\":2,\"name\":\"ISAAC E MINISTRO DOS TRANSPORTES ASSINAM EDITAL DE LICITA\u00c7\u00c3O DA TRAVESSIA URBANA DE JUAZEIRO E VISITAM OBRAS DA BR 235\"}]},{\"@type\":\"WebSite\",\"@id\":\"https:\\\/\\\/blogdofarnesio.com.br\\\/#website\",\"url\":\"https:\\\/\\\/blogdofarnesio.com.br\\\/\",\"name\":\"Blog do Farn\u00e9sio\",\"description\":\"Quer Saber Pol\u00edtica?\",\"publisher\":{\"@id\":\"https:\\\/\\\/blogdofarnesio.com.br\\\/#organization\"},\"potentialAction\":[{\"@type\":\"SearchAction\",\"target\":{\"@type\":\"EntryPoint\",\"urlTemplate\":\"https:\\\/\\\/blogdofarnesio.com.br\\\/?s={search_term_string}\"},\"query-input\":{\"@type\":\"PropertyValueSpecification\",\"valueRequired\":true,\"valueName\":\"search_term_string\"}}],\"inLanguage\":\"pt-BR\"},{\"@type\":\"Organization\",\"@id\":\"https:\\\/\\\/blogdofarnesio.com.br\\\/#organization\",\"name\":\"Blog do Farn\u00e9sio\",\"url\":\"https:\\\/\\\/blogdofarnesio.com.br\\\/\",\"logo\":{\"@type\":\"ImageObject\",\"inLanguage\":\"pt-BR\",\"@id\":\"https:\\\/\\\/blogdofarnesio.com.br\\\/#\\\/schema\\\/logo\\\/image\\\/\",\"url\":\"https:\\\/\\\/blogdofarnesio.com.br\\\/wp-content\\\/uploads\\\/2026\\\/03\\\/cropped-logo_new-1.png\",\"contentUrl\":\"https:\\\/\\\/blogdofarnesio.com.br\\\/wp-content\\\/uploads\\\/2026\\\/03\\\/cropped-logo_new-1.png\",\"width\":881,\"height\":685,\"caption\":\"Blog do Farn\u00e9sio\"},\"image\":{\"@id\":\"https:\\\/\\\/blogdofarnesio.com.br\\\/#\\\/schema\\\/logo\\\/image\\\/\"},\"sameAs\":[\"https:\\\/\\\/www.facebook.com\\\/BlogQuerSaberPolitica\\\/\"]},{\"@type\":\"Person\",\"@id\":\"https:\\\/\\\/blogdofarnesio.com.br\\\/#\\\/schema\\\/person\\\/dd1bf5eba40b687199ba45ca6b97dff9\",\"name\":\"teste\",\"image\":{\"@type\":\"ImageObject\",\"inLanguage\":\"pt-BR\",\"@id\":\"https:\\\/\\\/secure.gravatar.com\\\/avatar\\\/2172498d4914b51e1d89a0f97957b035ac4938723a5cac208135d389b6972a6d?s=96&d=mm&r=g\",\"url\":\"https:\\\/\\\/secure.gravatar.com\\\/avatar\\\/2172498d4914b51e1d89a0f97957b035ac4938723a5cac208135d389b6972a6d?s=96&d=mm&r=g\",\"contentUrl\":\"https:\\\/\\\/secure.gravatar.com\\\/avatar\\\/2172498d4914b51e1d89a0f97957b035ac4938723a5cac208135d389b6972a6d?s=96&d=mm&r=g\",\"caption\":\"teste\"},\"url\":\"https:\\\/\\\/blogdofarnesio.com.br\\\/?author=3\"}]}<\/script>\n<!-- \/ Yoast SEO plugin. -->","yoast_head_json":{"title":"ISAAC E MINISTRO DOS TRANSPORTES ASSINAM EDITAL DE LICITA\u00c7\u00c3O DA TRAVESSIA URBANA DE JUAZEIRO E VISITAM OBRAS DA BR 235 - Blog do Farn\u00e9sio","robots":{"index":"index","follow":"follow","max-snippet":"max-snippet:-1","max-image-preview":"max-image-preview:large","max-video-preview":"max-video-preview:-1"},"canonical":"https:\/\/blogdofarnesio.com.br\/?p=101068","og_locale":"pt_BR","og_type":"article","og_title":"ISAAC E MINISTRO DOS TRANSPORTES ASSINAM EDITAL DE LICITA\u00c7\u00c3O DA TRAVESSIA URBANA DE JUAZEIRO E VISITAM OBRAS DA BR 235 - Blog do Farn\u00e9sio","og_description":"Em solenidade bastante concorrida no Pa\u00e7o Municipal, na manh\u00e3 desta ter\u00e7a-feira (30) o prefeito Isaac Carvalho recebeu o ministro Paulo S\u00e9rgio Passos (Transportes) para assinatura do edital de licita\u00e7\u00e3o da Travessia Urbana de Juazeiro. Participaram da solenidade o superintendente do DNIT Bahia, Amauri Souza Lima, o presidente da C\u00e2mara Municipal de Juazeiro, Pedro Alc\u00e2ntara Filho, os vereadores Agnaldo Meira, Tiano F\u00e9lix e Caff\u00e9, o assessor de Infraestrutura, Fl\u00e1vio Luiz, e secret\u00e1rios municipais. Isaac agradeceu a visita do ministro ao munic\u00edpio e mais uma vez ressaltou a import\u00e2ncia da parceria com os governos federal e estadual, que tem trazido in\u00fameros investimentos para Juazeiro. \u201cNestes \u00faltimos anos esse apoio tem sido fundamental para tirarmos a cidade do atraso em que se encontrava,&hellip;","og_url":"https:\/\/blogdofarnesio.com.br\/?p=101068","og_site_name":"Blog do Farn\u00e9sio","article_publisher":"https:\/\/www.facebook.com\/BlogQuerSaberPolitica\/","article_published_time":"2014-10-01T11:34:35+00:00","og_image":[{"url":"http:\/\/www.quersaberpolitica.com.br\/2016\/wp-content\/uploads\/2014\/09\/blogqspisaacmintransporte.jpg","type":"","width":"","height":""}],"author":"teste","twitter_card":"summary_large_image","twitter_misc":{"Escrito por":"teste","Est. tempo de leitura":"3 minutos"},"schema":{"@context":"https:\/\/schema.org","@graph":[{"@type":"Article","@id":"https:\/\/blogdofarnesio.com.br\/?p=101068#article","isPartOf":{"@id":"https:\/\/blogdofarnesio.com.br\/?p=101068"},"author":{"name":"teste","@id":"https:\/\/blogdofarnesio.com.br\/#\/schema\/person\/dd1bf5eba40b687199ba45ca6b97dff9"},"headline":"ISAAC E MINISTRO DOS TRANSPORTES ASSINAM EDITAL DE LICITA\u00c7\u00c3O DA TRAVESSIA URBANA DE JUAZEIRO E VISITAM OBRAS DA BR 235","datePublished":"2014-10-01T11:34:35+00:00","mainEntityOfPage":{"@id":"https:\/\/blogdofarnesio.com.br\/?p=101068"},"wordCount":609,"commentCount":0,"publisher":{"@id":"https:\/\/blogdofarnesio.com.br\/#organization"},"image":{"@id":"https:\/\/blogdofarnesio.com.br\/?p=101068#primaryimage"},"thumbnailUrl":"http:\/\/www.quersaberpolitica.com.br\/2016\/wp-content\/uploads\/2014\/09\/blogqspisaacmintransporte.jpg","articleSection":["Estradas","Infraestrutura"],"inLanguage":"pt-BR","potentialAction":[{"@type":"CommentAction","name":"Comment","target":["https:\/\/blogdofarnesio.com.br\/?p=101068#respond"]}]},{"@type":"WebPage","@id":"https:\/\/blogdofarnesio.com.br\/?p=101068","url":"https:\/\/blogdofarnesio.com.br\/?p=101068","name":"ISAAC E MINISTRO DOS TRANSPORTES ASSINAM EDITAL DE LICITA\u00c7\u00c3O DA TRAVESSIA URBANA DE JUAZEIRO E VISITAM OBRAS DA BR 235 - Blog do Farn\u00e9sio","isPartOf":{"@id":"https:\/\/blogdofarnesio.com.br\/#website"},"primaryImageOfPage":{"@id":"https:\/\/blogdofarnesio.com.br\/?p=101068#primaryimage"},"image":{"@id":"https:\/\/blogdofarnesio.com.br\/?p=101068#primaryimage"},"thumbnailUrl":"http:\/\/www.quersaberpolitica.com.br\/2016\/wp-content\/uploads\/2014\/09\/blogqspisaacmintransporte.jpg","datePublished":"2014-10-01T11:34:35+00:00","breadcrumb":{"@id":"https:\/\/blogdofarnesio.com.br\/?p=101068#breadcrumb"},"inLanguage":"pt-BR","potentialAction":[{"@type":"ReadAction","target":["https:\/\/blogdofarnesio.com.br\/?p=101068"]}]},{"@type":"ImageObject","inLanguage":"pt-BR","@id":"https:\/\/blogdofarnesio.com.br\/?p=101068#primaryimage","url":"http:\/\/www.quersaberpolitica.com.br\/2016\/wp-content\/uploads\/2014\/09\/blogqspisaacmintransporte.jpg","contentUrl":"http:\/\/www.quersaberpolitica.com.br\/2016\/wp-content\/uploads\/2014\/09\/blogqspisaacmintransporte.jpg"},{"@type":"BreadcrumbList","@id":"https:\/\/blogdofarnesio.com.br\/?p=101068#breadcrumb","itemListElement":[{"@type":"ListItem","position":1,"name":"In\u00edcio","item":"https:\/\/blogdofarnesio.com.br\/"},{"@type":"ListItem","position":2,"name":"ISAAC E MINISTRO DOS TRANSPORTES ASSINAM EDITAL DE LICITA\u00c7\u00c3O DA TRAVESSIA URBANA DE JUAZEIRO E VISITAM OBRAS DA BR 235"}]},{"@type":"WebSite","@id":"https:\/\/blogdofarnesio.com.br\/#website","url":"https:\/\/blogdofarnesio.com.br\/","name":"Blog do Farn\u00e9sio","description":"Quer Saber Pol\u00edtica?","publisher":{"@id":"https:\/\/blogdofarnesio.com.br\/#organization"},"potentialAction":[{"@type":"SearchAction","target":{"@type":"EntryPoint","urlTemplate":"https:\/\/blogdofarnesio.com.br\/?s={search_term_string}"},"query-input":{"@type":"PropertyValueSpecification","valueRequired":true,"valueName":"search_term_string"}}],"inLanguage":"pt-BR"},{"@type":"Organization","@id":"https:\/\/blogdofarnesio.com.br\/#organization","name":"Blog do Farn\u00e9sio","url":"https:\/\/blogdofarnesio.com.br\/","logo":{"@type":"ImageObject","inLanguage":"pt-BR","@id":"https:\/\/blogdofarnesio.com.br\/#\/schema\/logo\/image\/","url":"https:\/\/blogdofarnesio.com.br\/wp-content\/uploads\/2026\/03\/cropped-logo_new-1.png","contentUrl":"https:\/\/blogdofarnesio.com.br\/wp-content\/uploads\/2026\/03\/cropped-logo_new-1.png","width":881,"height":685,"caption":"Blog do Farn\u00e9sio"},"image":{"@id":"https:\/\/blogdofarnesio.com.br\/#\/schema\/logo\/image\/"},"sameAs":["https:\/\/www.facebook.com\/BlogQuerSaberPolitica\/"]},{"@type":"Person","@id":"https:\/\/blogdofarnesio.com.br\/#\/schema\/person\/dd1bf5eba40b687199ba45ca6b97dff9","name":"teste","image":{"@type":"ImageObject","inLanguage":"pt-BR","@id":"https:\/\/secure.gravatar.com\/avatar\/2172498d4914b51e1d89a0f97957b035ac4938723a5cac208135d389b6972a6d?s=96&d=mm&r=g","url":"https:\/\/secure.gravatar.com\/avatar\/2172498d4914b51e1d89a0f97957b035ac4938723a5cac208135d389b6972a6d?s=96&d=mm&r=g","contentUrl":"https:\/\/secure.gravatar.com\/avatar\/2172498d4914b51e1d89a0f97957b035ac4938723a5cac208135d389b6972a6d?s=96&d=mm&r=g","caption":"teste"},"url":"https:\/\/blogdofarnesio.com.br\/?author=3"}]}},"_links":{"self":[{"href":"https:\/\/blogdofarnesio.com.br\/index.php?rest_route=\/wp\/v2\/posts\/101068","targetHints":{"allow":["GET"]}}],"collection":[{"href":"https:\/\/blogdofarnesio.com.br\/index.php?rest_route=\/wp\/v2\/posts"}],"about":[{"href":"https:\/\/blogdofarnesio.com.br\/index.php?rest_route=\/wp\/v2\/types\/post"}],"author":[{"embeddable":true,"href":"https:\/\/blogdofarnesio.com.br\/index.php?rest_route=\/wp\/v2\/users\/3"}],"replies":[{"embeddable":true,"href":"https:\/\/blogdofarnesio.com.br\/index.php?rest_route=%2Fwp%2Fv2%2Fcomments&post=101068"}],"version-history":[{"count":0,"href":"https:\/\/blogdofarnesio.com.br\/index.php?rest_route=\/wp\/v2\/posts\/101068\/revisions"}],"wp:attachment":[{"href":"https:\/\/blogdofarnesio.com.br\/index.php?rest_route=%2Fwp%2Fv2%2Fmedia&parent=101068"}],"wp:term":[{"taxonomy":"category","embeddable":true,"href":"https:\/\/blogdofarnesio.com.br\/index.php?rest_route=%2Fwp%2Fv2%2Fcategories&post=101068"},{"taxonomy":"post_tag","embeddable":true,"href":"https:\/\/blogdofarnesio.com.br\/index.php?rest_route=%2Fwp%2Fv2%2Ftags&post=101068"}],"curies":[{"name":"wp","href":"https:\/\/api.w.org\/{rel}","templated":true}]}}