{"id":101003,"date":"2014-09-30T15:24:31","date_gmt":"2014-09-30T18:24:31","guid":{"rendered":"http:\/\/www.quersaberpolitica.com.br\/?p=101003"},"modified":"2014-09-30T14:35:39","modified_gmt":"2014-09-30T17:35:39","slug":"programacao-do-e-info-prossegue-nesta-terca-feira-com-palestra-do-diretor-da-linux-internacional","status":"publish","type":"post","link":"https:\/\/blogdofarnesio.com.br\/?p=101003","title":{"rendered":"PROGRAMA\u00c7\u00c3O DO E-INFO PROSSEGUE NESTA TER\u00c7A-FEIRA COM PALESTRA DO DIRETOR DA LINUX INTERNACIONAL"},"content":{"rendered":"<p style=\"text-align: justify\"><a href=\"http:\/\/www.quersaberpolitica.com.br\/2016\/wp-content\/uploads\/2014\/09\/facape1.jpg\"><img loading=\"lazy\" decoding=\"async\" class=\"aligncenter size-medium wp-image-101004\" alt=\"facape\" src=\"http:\/\/www.quersaberpolitica.com.br\/2016\/wp-content\/uploads\/2014\/09\/facape1-300x180.jpg\" width=\"300\" height=\"180\" srcset=\"https:\/\/blogdofarnesio.com.br\/wp-content\/uploads\/2014\/09\/facape1-300x180.jpg 300w, https:\/\/blogdofarnesio.com.br\/wp-content\/uploads\/2014\/09\/facape1.jpg 448w\" sizes=\"auto, (max-width: 300px) 100vw, 300px\" \/><\/a>Foi aberta oficialmente na noite de ontem (29) a 14\u00aa edi\u00e7\u00e3o do Encontro Acad\u00eamico de Inform\u00e1tica (E-info) da Faculdade de Ci\u00eancias Aplicadas e Sociais de Petrolina (Facape), com programa\u00e7\u00e3o \u00a0que se estende at\u00e9 sexta-feira (3) com palestras, minicursos, oficinas e a Jornada Sebrae. Hoje (30), o destaque ser\u00e1 a palestra com Jonh Maddog Hall, diretor executivo da Linux Internacional.<br \/>\n\u200b<br \/>\nA palestra \u2018Saving Ten Billion Dollars a Day, One Dollar at a time\u2019 est\u00e1 marcada para as 19h30, no audit\u00f3rio da Facape. \u00c0 tarde, a partir das 15h, acontecer\u00e1 o Workshop de Software P\u00fablico Brasileiro. Na oportunidade, gestores de Tecnologia da Informa\u00e7\u00e3o (TI) de diversos \u00f3rg\u00e3os p\u00fablicos se reunir\u00e3o no audit\u00f3rio da biblioteca da Facape para discutir assuntos relacionados \u00e0 tem\u00e1tica.<!--more--><\/p>\n<p>A solenidade de abertura dessa segunda-feira contou com a palestra do professor da Universidade Estadual de Feira de Santana (UEFS), Jo\u00e3o Rocha. Durante o dia, os estudantes participaram do 5\u00ba Workshop de Engenharia de Software do Sert\u00e3o do S\u00e3o Francisco (Wess), com as palestras \u2018Learning Analytics Knowledge\u2019, com o professor Thomas Rabelo, e TV digital, com o professor M\u00e1rio Godoy, da Universidade Federal do Vale do S\u00e3o Francisco (Univasf).<\/p>\n<p style=\"text-align: justify\">Este ano, o E-info ainda comemora os 15 anos do curso de Ci\u00eancia da Computa\u00e7\u00e3o da Facape. Durante toda a programa\u00e7\u00e3o, ser\u00e3o distribu\u00eddos materiais informativos sobre o curso, al\u00e9m da exibi\u00e7\u00e3o de um v\u00eddeo document\u00e1rio.<\/p>\n","protected":false},"excerpt":{"rendered":"<p>Foi aberta oficialmente na noite de ontem (29) a 14\u00aa edi\u00e7\u00e3o do Encontro Acad\u00eamico de Inform\u00e1tica (E-info) da Faculdade de Ci\u00eancias Aplicadas e Sociais de Petrolina (Facape), com programa\u00e7\u00e3o \u00a0que se estende at\u00e9 sexta-feira (3) com palestras, minicursos, oficinas e a Jornada Sebrae. Hoje (30), o destaque ser\u00e1 a palestra com Jonh Maddog Hall, diretor executivo da Linux Internacional. \u200b A palestra \u2018Saving Ten Billion Dollars a Day, One Dollar at a time\u2019 est\u00e1 marcada para as 19h30, no audit\u00f3rio da Facape. \u00c0 tarde, a partir das 15h, acontecer\u00e1 o Workshop de Software P\u00fablico Brasileiro. Na oportunidade, gestores de Tecnologia da Informa\u00e7\u00e3o (TI) de diversos \u00f3rg\u00e3os p\u00fablicos se reunir\u00e3o no audit\u00f3rio da biblioteca da Facape para discutir assuntos relacionados \u00e0&hellip; <\/p>\n","protected":false},"author":3,"featured_media":0,"comment_status":"open","ping_status":"open","sticky":false,"template":"","format":"standard","meta":{"_acf_changed":false,"footnotes":""},"categories":[35],"tags":[],"class_list":["post-101003","post","type-post","status-publish","format-standard","hentry","category-ti-internet"],"acf":[],"yoast_head":"<!-- This site is optimized with the Yoast SEO plugin v27.4 - https:\/\/yoast.com\/product\/yoast-seo-wordpress\/ -->\n<title>PROGRAMA\u00c7\u00c3O DO E-INFO PROSSEGUE NESTA TER\u00c7A-FEIRA COM PALESTRA DO DIRETOR DA LINUX INTERNACIONAL - Blog do Farn\u00e9sio<\/title>\n<meta name=\"robots\" content=\"index, follow, max-snippet:-1, max-image-preview:large, max-video-preview:-1\" \/>\n<link rel=\"canonical\" href=\"https:\/\/blogdofarnesio.com.br\/?p=101003\" \/>\n<meta property=\"og:locale\" content=\"pt_BR\" \/>\n<meta property=\"og:type\" content=\"article\" \/>\n<meta property=\"og:title\" content=\"PROGRAMA\u00c7\u00c3O DO E-INFO PROSSEGUE NESTA TER\u00c7A-FEIRA COM PALESTRA DO DIRETOR DA LINUX INTERNACIONAL - Blog do Farn\u00e9sio\" \/>\n<meta property=\"og:description\" content=\"Foi aberta oficialmente na noite de ontem (29) a 14\u00aa edi\u00e7\u00e3o do Encontro Acad\u00eamico de Inform\u00e1tica (E-info) da Faculdade de Ci\u00eancias Aplicadas e Sociais de Petrolina (Facape), com programa\u00e7\u00e3o \u00a0que se estende at\u00e9 sexta-feira (3) com palestras, minicursos, oficinas e a Jornada Sebrae. Hoje (30), o destaque ser\u00e1 a palestra com Jonh Maddog Hall, diretor executivo da Linux Internacional. \u200b A palestra \u2018Saving Ten Billion Dollars a Day, One Dollar at a time\u2019 est\u00e1 marcada para as 19h30, no audit\u00f3rio da Facape. \u00c0 tarde, a partir das 15h, acontecer\u00e1 o Workshop de Software P\u00fablico Brasileiro. Na oportunidade, gestores de Tecnologia da Informa\u00e7\u00e3o (TI) de diversos \u00f3rg\u00e3os p\u00fablicos se reunir\u00e3o no audit\u00f3rio da biblioteca da Facape para discutir assuntos relacionados \u00e0&hellip;\" \/>\n<meta property=\"og:url\" content=\"https:\/\/blogdofarnesio.com.br\/?p=101003\" \/>\n<meta property=\"og:site_name\" content=\"Blog do Farn\u00e9sio\" \/>\n<meta property=\"article:publisher\" content=\"https:\/\/www.facebook.com\/BlogQuerSaberPolitica\/\" \/>\n<meta property=\"article:published_time\" content=\"2014-09-30T18:24:31+00:00\" \/>\n<meta property=\"og:image\" content=\"http:\/\/www.quersaberpolitica.com.br\/2016\/wp-content\/uploads\/2014\/09\/facape1-300x180.jpg\" \/>\n<meta name=\"author\" content=\"teste\" \/>\n<meta name=\"twitter:card\" content=\"summary_large_image\" \/>\n<meta name=\"twitter:label1\" content=\"Escrito por\" \/>\n\t<meta name=\"twitter:data1\" content=\"teste\" \/>\n\t<meta name=\"twitter:label2\" content=\"Est. tempo de leitura\" \/>\n\t<meta name=\"twitter:data2\" content=\"1 minuto\" \/>\n<script type=\"application\/ld+json\" class=\"yoast-schema-graph\">{\"@context\":\"https:\\\/\\\/schema.org\",\"@graph\":[{\"@type\":\"Article\",\"@id\":\"https:\\\/\\\/blogdofarnesio.com.br\\\/?p=101003#article\",\"isPartOf\":{\"@id\":\"https:\\\/\\\/blogdofarnesio.com.br\\\/?p=101003\"},\"author\":{\"name\":\"teste\",\"@id\":\"https:\\\/\\\/blogdofarnesio.com.br\\\/#\\\/schema\\\/person\\\/dd1bf5eba40b687199ba45ca6b97dff9\"},\"headline\":\"PROGRAMA\u00c7\u00c3O DO E-INFO PROSSEGUE NESTA TER\u00c7A-FEIRA COM PALESTRA DO DIRETOR DA LINUX INTERNACIONAL\",\"datePublished\":\"2014-09-30T18:24:31+00:00\",\"mainEntityOfPage\":{\"@id\":\"https:\\\/\\\/blogdofarnesio.com.br\\\/?p=101003\"},\"wordCount\":258,\"commentCount\":0,\"publisher\":{\"@id\":\"https:\\\/\\\/blogdofarnesio.com.br\\\/#organization\"},\"image\":{\"@id\":\"https:\\\/\\\/blogdofarnesio.com.br\\\/?p=101003#primaryimage\"},\"thumbnailUrl\":\"http:\\\/\\\/www.quersaberpolitica.com.br\\\/2016\\\/wp-content\\\/uploads\\\/2014\\\/09\\\/facape1-300x180.jpg\",\"articleSection\":[\"T.I. (INTERNET)\"],\"inLanguage\":\"pt-BR\",\"potentialAction\":[{\"@type\":\"CommentAction\",\"name\":\"Comment\",\"target\":[\"https:\\\/\\\/blogdofarnesio.com.br\\\/?p=101003#respond\"]}]},{\"@type\":\"WebPage\",\"@id\":\"https:\\\/\\\/blogdofarnesio.com.br\\\/?p=101003\",\"url\":\"https:\\\/\\\/blogdofarnesio.com.br\\\/?p=101003\",\"name\":\"PROGRAMA\u00c7\u00c3O DO E-INFO PROSSEGUE NESTA TER\u00c7A-FEIRA COM PALESTRA DO DIRETOR DA LINUX INTERNACIONAL - Blog do Farn\u00e9sio\",\"isPartOf\":{\"@id\":\"https:\\\/\\\/blogdofarnesio.com.br\\\/#website\"},\"primaryImageOfPage\":{\"@id\":\"https:\\\/\\\/blogdofarnesio.com.br\\\/?p=101003#primaryimage\"},\"image\":{\"@id\":\"https:\\\/\\\/blogdofarnesio.com.br\\\/?p=101003#primaryimage\"},\"thumbnailUrl\":\"http:\\\/\\\/www.quersaberpolitica.com.br\\\/2016\\\/wp-content\\\/uploads\\\/2014\\\/09\\\/facape1-300x180.jpg\",\"datePublished\":\"2014-09-30T18:24:31+00:00\",\"breadcrumb\":{\"@id\":\"https:\\\/\\\/blogdofarnesio.com.br\\\/?p=101003#breadcrumb\"},\"inLanguage\":\"pt-BR\",\"potentialAction\":[{\"@type\":\"ReadAction\",\"target\":[\"https:\\\/\\\/blogdofarnesio.com.br\\\/?p=101003\"]}]},{\"@type\":\"ImageObject\",\"inLanguage\":\"pt-BR\",\"@id\":\"https:\\\/\\\/blogdofarnesio.com.br\\\/?p=101003#primaryimage\",\"url\":\"http:\\\/\\\/www.quersaberpolitica.com.br\\\/2016\\\/wp-content\\\/uploads\\\/2014\\\/09\\\/facape1-300x180.jpg\",\"contentUrl\":\"http:\\\/\\\/www.quersaberpolitica.com.br\\\/2016\\\/wp-content\\\/uploads\\\/2014\\\/09\\\/facape1-300x180.jpg\"},{\"@type\":\"BreadcrumbList\",\"@id\":\"https:\\\/\\\/blogdofarnesio.com.br\\\/?p=101003#breadcrumb\",\"itemListElement\":[{\"@type\":\"ListItem\",\"position\":1,\"name\":\"In\u00edcio\",\"item\":\"https:\\\/\\\/blogdofarnesio.com.br\\\/\"},{\"@type\":\"ListItem\",\"position\":2,\"name\":\"PROGRAMA\u00c7\u00c3O DO E-INFO PROSSEGUE NESTA TER\u00c7A-FEIRA COM PALESTRA DO DIRETOR DA LINUX INTERNACIONAL\"}]},{\"@type\":\"WebSite\",\"@id\":\"https:\\\/\\\/blogdofarnesio.com.br\\\/#website\",\"url\":\"https:\\\/\\\/blogdofarnesio.com.br\\\/\",\"name\":\"Blog do Farn\u00e9sio\",\"description\":\"Quer Saber Pol\u00edtica?\",\"publisher\":{\"@id\":\"https:\\\/\\\/blogdofarnesio.com.br\\\/#organization\"},\"potentialAction\":[{\"@type\":\"SearchAction\",\"target\":{\"@type\":\"EntryPoint\",\"urlTemplate\":\"https:\\\/\\\/blogdofarnesio.com.br\\\/?s={search_term_string}\"},\"query-input\":{\"@type\":\"PropertyValueSpecification\",\"valueRequired\":true,\"valueName\":\"search_term_string\"}}],\"inLanguage\":\"pt-BR\"},{\"@type\":\"Organization\",\"@id\":\"https:\\\/\\\/blogdofarnesio.com.br\\\/#organization\",\"name\":\"Blog do Farn\u00e9sio\",\"url\":\"https:\\\/\\\/blogdofarnesio.com.br\\\/\",\"logo\":{\"@type\":\"ImageObject\",\"inLanguage\":\"pt-BR\",\"@id\":\"https:\\\/\\\/blogdofarnesio.com.br\\\/#\\\/schema\\\/logo\\\/image\\\/\",\"url\":\"https:\\\/\\\/blogdofarnesio.com.br\\\/wp-content\\\/uploads\\\/2026\\\/03\\\/cropped-logo_new-1.png\",\"contentUrl\":\"https:\\\/\\\/blogdofarnesio.com.br\\\/wp-content\\\/uploads\\\/2026\\\/03\\\/cropped-logo_new-1.png\",\"width\":881,\"height\":685,\"caption\":\"Blog do Farn\u00e9sio\"},\"image\":{\"@id\":\"https:\\\/\\\/blogdofarnesio.com.br\\\/#\\\/schema\\\/logo\\\/image\\\/\"},\"sameAs\":[\"https:\\\/\\\/www.facebook.com\\\/BlogQuerSaberPolitica\\\/\"]},{\"@type\":\"Person\",\"@id\":\"https:\\\/\\\/blogdofarnesio.com.br\\\/#\\\/schema\\\/person\\\/dd1bf5eba40b687199ba45ca6b97dff9\",\"name\":\"teste\",\"image\":{\"@type\":\"ImageObject\",\"inLanguage\":\"pt-BR\",\"@id\":\"https:\\\/\\\/secure.gravatar.com\\\/avatar\\\/2172498d4914b51e1d89a0f97957b035ac4938723a5cac208135d389b6972a6d?s=96&d=mm&r=g\",\"url\":\"https:\\\/\\\/secure.gravatar.com\\\/avatar\\\/2172498d4914b51e1d89a0f97957b035ac4938723a5cac208135d389b6972a6d?s=96&d=mm&r=g\",\"contentUrl\":\"https:\\\/\\\/secure.gravatar.com\\\/avatar\\\/2172498d4914b51e1d89a0f97957b035ac4938723a5cac208135d389b6972a6d?s=96&d=mm&r=g\",\"caption\":\"teste\"},\"url\":\"https:\\\/\\\/blogdofarnesio.com.br\\\/?author=3\"}]}<\/script>\n<!-- \/ Yoast SEO plugin. -->","yoast_head_json":{"title":"PROGRAMA\u00c7\u00c3O DO E-INFO PROSSEGUE NESTA TER\u00c7A-FEIRA COM PALESTRA DO DIRETOR DA LINUX INTERNACIONAL - Blog do Farn\u00e9sio","robots":{"index":"index","follow":"follow","max-snippet":"max-snippet:-1","max-image-preview":"max-image-preview:large","max-video-preview":"max-video-preview:-1"},"canonical":"https:\/\/blogdofarnesio.com.br\/?p=101003","og_locale":"pt_BR","og_type":"article","og_title":"PROGRAMA\u00c7\u00c3O DO E-INFO PROSSEGUE NESTA TER\u00c7A-FEIRA COM PALESTRA DO DIRETOR DA LINUX INTERNACIONAL - Blog do Farn\u00e9sio","og_description":"Foi aberta oficialmente na noite de ontem (29) a 14\u00aa edi\u00e7\u00e3o do Encontro Acad\u00eamico de Inform\u00e1tica (E-info) da Faculdade de Ci\u00eancias Aplicadas e Sociais de Petrolina (Facape), com programa\u00e7\u00e3o \u00a0que se estende at\u00e9 sexta-feira (3) com palestras, minicursos, oficinas e a Jornada Sebrae. Hoje (30), o destaque ser\u00e1 a palestra com Jonh Maddog Hall, diretor executivo da Linux Internacional. \u200b A palestra \u2018Saving Ten Billion Dollars a Day, One Dollar at a time\u2019 est\u00e1 marcada para as 19h30, no audit\u00f3rio da Facape. \u00c0 tarde, a partir das 15h, acontecer\u00e1 o Workshop de Software P\u00fablico Brasileiro. Na oportunidade, gestores de Tecnologia da Informa\u00e7\u00e3o (TI) de diversos \u00f3rg\u00e3os p\u00fablicos se reunir\u00e3o no audit\u00f3rio da biblioteca da Facape para discutir assuntos relacionados \u00e0&hellip;","og_url":"https:\/\/blogdofarnesio.com.br\/?p=101003","og_site_name":"Blog do Farn\u00e9sio","article_publisher":"https:\/\/www.facebook.com\/BlogQuerSaberPolitica\/","article_published_time":"2014-09-30T18:24:31+00:00","og_image":[{"url":"http:\/\/www.quersaberpolitica.com.br\/2016\/wp-content\/uploads\/2014\/09\/facape1-300x180.jpg","type":"","width":"","height":""}],"author":"teste","twitter_card":"summary_large_image","twitter_misc":{"Escrito por":"teste","Est. tempo de leitura":"1 minuto"},"schema":{"@context":"https:\/\/schema.org","@graph":[{"@type":"Article","@id":"https:\/\/blogdofarnesio.com.br\/?p=101003#article","isPartOf":{"@id":"https:\/\/blogdofarnesio.com.br\/?p=101003"},"author":{"name":"teste","@id":"https:\/\/blogdofarnesio.com.br\/#\/schema\/person\/dd1bf5eba40b687199ba45ca6b97dff9"},"headline":"PROGRAMA\u00c7\u00c3O DO E-INFO PROSSEGUE NESTA TER\u00c7A-FEIRA COM PALESTRA DO DIRETOR DA LINUX INTERNACIONAL","datePublished":"2014-09-30T18:24:31+00:00","mainEntityOfPage":{"@id":"https:\/\/blogdofarnesio.com.br\/?p=101003"},"wordCount":258,"commentCount":0,"publisher":{"@id":"https:\/\/blogdofarnesio.com.br\/#organization"},"image":{"@id":"https:\/\/blogdofarnesio.com.br\/?p=101003#primaryimage"},"thumbnailUrl":"http:\/\/www.quersaberpolitica.com.br\/2016\/wp-content\/uploads\/2014\/09\/facape1-300x180.jpg","articleSection":["T.I. (INTERNET)"],"inLanguage":"pt-BR","potentialAction":[{"@type":"CommentAction","name":"Comment","target":["https:\/\/blogdofarnesio.com.br\/?p=101003#respond"]}]},{"@type":"WebPage","@id":"https:\/\/blogdofarnesio.com.br\/?p=101003","url":"https:\/\/blogdofarnesio.com.br\/?p=101003","name":"PROGRAMA\u00c7\u00c3O DO E-INFO PROSSEGUE NESTA TER\u00c7A-FEIRA COM PALESTRA DO DIRETOR DA LINUX INTERNACIONAL - Blog do Farn\u00e9sio","isPartOf":{"@id":"https:\/\/blogdofarnesio.com.br\/#website"},"primaryImageOfPage":{"@id":"https:\/\/blogdofarnesio.com.br\/?p=101003#primaryimage"},"image":{"@id":"https:\/\/blogdofarnesio.com.br\/?p=101003#primaryimage"},"thumbnailUrl":"http:\/\/www.quersaberpolitica.com.br\/2016\/wp-content\/uploads\/2014\/09\/facape1-300x180.jpg","datePublished":"2014-09-30T18:24:31+00:00","breadcrumb":{"@id":"https:\/\/blogdofarnesio.com.br\/?p=101003#breadcrumb"},"inLanguage":"pt-BR","potentialAction":[{"@type":"ReadAction","target":["https:\/\/blogdofarnesio.com.br\/?p=101003"]}]},{"@type":"ImageObject","inLanguage":"pt-BR","@id":"https:\/\/blogdofarnesio.com.br\/?p=101003#primaryimage","url":"http:\/\/www.quersaberpolitica.com.br\/2016\/wp-content\/uploads\/2014\/09\/facape1-300x180.jpg","contentUrl":"http:\/\/www.quersaberpolitica.com.br\/2016\/wp-content\/uploads\/2014\/09\/facape1-300x180.jpg"},{"@type":"BreadcrumbList","@id":"https:\/\/blogdofarnesio.com.br\/?p=101003#breadcrumb","itemListElement":[{"@type":"ListItem","position":1,"name":"In\u00edcio","item":"https:\/\/blogdofarnesio.com.br\/"},{"@type":"ListItem","position":2,"name":"PROGRAMA\u00c7\u00c3O DO E-INFO PROSSEGUE NESTA TER\u00c7A-FEIRA COM PALESTRA DO DIRETOR DA LINUX INTERNACIONAL"}]},{"@type":"WebSite","@id":"https:\/\/blogdofarnesio.com.br\/#website","url":"https:\/\/blogdofarnesio.com.br\/","name":"Blog do Farn\u00e9sio","description":"Quer Saber Pol\u00edtica?","publisher":{"@id":"https:\/\/blogdofarnesio.com.br\/#organization"},"potentialAction":[{"@type":"SearchAction","target":{"@type":"EntryPoint","urlTemplate":"https:\/\/blogdofarnesio.com.br\/?s={search_term_string}"},"query-input":{"@type":"PropertyValueSpecification","valueRequired":true,"valueName":"search_term_string"}}],"inLanguage":"pt-BR"},{"@type":"Organization","@id":"https:\/\/blogdofarnesio.com.br\/#organization","name":"Blog do Farn\u00e9sio","url":"https:\/\/blogdofarnesio.com.br\/","logo":{"@type":"ImageObject","inLanguage":"pt-BR","@id":"https:\/\/blogdofarnesio.com.br\/#\/schema\/logo\/image\/","url":"https:\/\/blogdofarnesio.com.br\/wp-content\/uploads\/2026\/03\/cropped-logo_new-1.png","contentUrl":"https:\/\/blogdofarnesio.com.br\/wp-content\/uploads\/2026\/03\/cropped-logo_new-1.png","width":881,"height":685,"caption":"Blog do Farn\u00e9sio"},"image":{"@id":"https:\/\/blogdofarnesio.com.br\/#\/schema\/logo\/image\/"},"sameAs":["https:\/\/www.facebook.com\/BlogQuerSaberPolitica\/"]},{"@type":"Person","@id":"https:\/\/blogdofarnesio.com.br\/#\/schema\/person\/dd1bf5eba40b687199ba45ca6b97dff9","name":"teste","image":{"@type":"ImageObject","inLanguage":"pt-BR","@id":"https:\/\/secure.gravatar.com\/avatar\/2172498d4914b51e1d89a0f97957b035ac4938723a5cac208135d389b6972a6d?s=96&d=mm&r=g","url":"https:\/\/secure.gravatar.com\/avatar\/2172498d4914b51e1d89a0f97957b035ac4938723a5cac208135d389b6972a6d?s=96&d=mm&r=g","contentUrl":"https:\/\/secure.gravatar.com\/avatar\/2172498d4914b51e1d89a0f97957b035ac4938723a5cac208135d389b6972a6d?s=96&d=mm&r=g","caption":"teste"},"url":"https:\/\/blogdofarnesio.com.br\/?author=3"}]}},"_links":{"self":[{"href":"https:\/\/blogdofarnesio.com.br\/index.php?rest_route=\/wp\/v2\/posts\/101003","targetHints":{"allow":["GET"]}}],"collection":[{"href":"https:\/\/blogdofarnesio.com.br\/index.php?rest_route=\/wp\/v2\/posts"}],"about":[{"href":"https:\/\/blogdofarnesio.com.br\/index.php?rest_route=\/wp\/v2\/types\/post"}],"author":[{"embeddable":true,"href":"https:\/\/blogdofarnesio.com.br\/index.php?rest_route=\/wp\/v2\/users\/3"}],"replies":[{"embeddable":true,"href":"https:\/\/blogdofarnesio.com.br\/index.php?rest_route=%2Fwp%2Fv2%2Fcomments&post=101003"}],"version-history":[{"count":0,"href":"https:\/\/blogdofarnesio.com.br\/index.php?rest_route=\/wp\/v2\/posts\/101003\/revisions"}],"wp:attachment":[{"href":"https:\/\/blogdofarnesio.com.br\/index.php?rest_route=%2Fwp%2Fv2%2Fmedia&parent=101003"}],"wp:term":[{"taxonomy":"category","embeddable":true,"href":"https:\/\/blogdofarnesio.com.br\/index.php?rest_route=%2Fwp%2Fv2%2Fcategories&post=101003"},{"taxonomy":"post_tag","embeddable":true,"href":"https:\/\/blogdofarnesio.com.br\/index.php?rest_route=%2Fwp%2Fv2%2Ftags&post=101003"}],"curies":[{"name":"wp","href":"https:\/\/api.w.org\/{rel}","templated":true}]}}