{"id":100872,"date":"2014-09-30T19:05:22","date_gmt":"2014-09-30T22:05:22","guid":{"rendered":"http:\/\/www.quersaberpolitica.com.br\/?p=100872"},"modified":"2014-09-30T15:06:21","modified_gmt":"2014-09-30T18:06:21","slug":"aula-inaugural-e-realizada-com-sucesso","status":"publish","type":"post","link":"https:\/\/blogdofarnesio.com.br\/?p=100872","title":{"rendered":"AULA INAUGURAL \u00c9 REALIZADA COM SUCESSO"},"content":{"rendered":"<p style=\"text-align: justify\"><a href=\"http:\/\/www.quersaberpolitica.com.br\/2016\/wp-content\/uploads\/2014\/09\/UNIVASF.jpg\"><img loading=\"lazy\" decoding=\"async\" class=\"aligncenter size-medium wp-image-100873\" alt=\"UNIVASF\" src=\"http:\/\/www.quersaberpolitica.com.br\/2016\/wp-content\/uploads\/2014\/09\/UNIVASF-300x199.jpg\" width=\"300\" height=\"199\" srcset=\"https:\/\/blogdofarnesio.com.br\/wp-content\/uploads\/2014\/09\/UNIVASF-300x199.jpg 300w, https:\/\/blogdofarnesio.com.br\/wp-content\/uploads\/2014\/09\/UNIVASF.jpg 448w\" sizes=\"auto, (max-width: 300px) 100vw, 300px\" \/><\/a>Na \u00faltima semana, a sala sete do Audit\u00f3rio Multieventos da UNIVASF, em Juazeiro, esteve lotada para a aula inaugural dos cursos de licenciatura da Universidade Federal do Piau\u00ed, oferecidos no Polo UAB.<\/p>\n<p style=\"text-align: justify\">Al\u00e9m de alunos dos cursos, estavam presentes a Coordenadora do Polo UAB Juazeiro, Rosangela Cunha; o Secret\u00e1rio de Educa\u00e7\u00e3o e Esportes, Cl\u00e9riston Andrade; o Secret\u00e1rio de Educa\u00e7\u00e3o \u00e0 Distancia da UNIVASF, Professor Ricardo Duarte; a Coordenadora de Educa\u00e7\u00e3o \u00e0 Distancia do Instituto An\u00edsio Teixeira da Secretaria de Educa\u00e7\u00e3o do Estado da Bahia, a Professora Mestre Liana Amorim e o Diretor do Centro de Educa\u00e7\u00e3o \u00e0 Distancia da UFPI, Professor Doutor Gild\u00e1sio Guedes.<!--more--><\/p>\n<p style=\"text-align: justify\">Rosangela Cunha abriu a solenidade e falou sobre a import\u00e2ncia do momento. \u201cA Secretaria de Educa\u00e7\u00e3o do Estado da Bahia, atrav\u00e9s do Instituto An\u00edsio Teixeira e a Prefeitura de Juazeiro, por meio da Secretaria de Educa\u00e7\u00e3o e Esportes, s\u00e3o correspons\u00e1veis pelos cursos de Licenciatura em Filosofia, Letras e Pedagogia, ofertados pela Universidade Federal do Piau\u00ed no Polo de Apoio Presencial da Universidade Aberta do Brasil em Juazeiro. N\u00f3s consideramos esse momento um marco de uma das mais significativas caracter\u00edsticas da Educa\u00e7\u00e3o a Dist\u00e2ncia, que \u00e9 a democratiza\u00e7\u00e3o do acesso a partir da desterritorializa\u00e7\u00e3o geogr\u00e1fica. Recebemos a Universidade Federal do Piaui com muita alegria\u201d, considerou a Coordenadora do Polo UAB.<\/p>\n<p style=\"text-align: justify\">O Secret\u00e1rio de Educa\u00e7\u00e3o e Esportes, Cl\u00e9riston Andrade, deu as boas vindas \u00e0 UFPI e falou das parcerias. \u201cEsse \u00e9 um momento \u00edmpar para a educa\u00e7\u00e3o em Juazeiro e eu quero dizer que, para acontecer, foi de fundamental import\u00e2ncia a participa\u00e7\u00e3o da Professora Liana e do Governo do Estado para a chegada do Polo, mas tamb\u00e9m para a manuten\u00e7\u00e3o e expans\u00e3o dos cursos; tamb\u00e9m do professor Ricardo, representando a UNIVASF, que foi a institui\u00e7\u00e3o pioneira no Polo de Juazeiro, a primeira universidade que abra\u00e7ou o polo. Nos \u00faltimos anos, o Brasil colocou mais de sete milh\u00f5es de pessoas nas universidades, agora, atrav\u00e9s do Polo UAB, fazemos algo novo, levamos a universidade at\u00e9 voc\u00eas. Eu desejo sucesso. O curso vai exigir esfor\u00e7o, compromisso e dedica\u00e7\u00e3o de cada um de voc\u00eas. Esse \u00e9 o meu desejo e tamb\u00e9m do prefeito Isaac Carvalho\u201d, ressaltou.<\/p>\n<p style=\"text-align: justify\">A Pedagoga e Especialista em Educa\u00e7\u00e3o Contextualizada, Ma\u00edsa Borges, ser\u00e1 aluna do curso de Filosofia. \u201cEstou na maior expectativa. Vi a proposta e me senti tentada a fazer um novo curso. Acho interessante haver essa oportunidade atrav\u00e9s do Polo UAB. Estou empolgada e espero ser surpreendida\u201d, concluiu.<\/p>\n","protected":false},"excerpt":{"rendered":"<p>Na \u00faltima semana, a sala sete do Audit\u00f3rio Multieventos da UNIVASF, em Juazeiro, esteve lotada para a aula inaugural dos cursos de licenciatura da Universidade Federal do Piau\u00ed, oferecidos no Polo UAB. Al\u00e9m de alunos dos cursos, estavam presentes a Coordenadora do Polo UAB Juazeiro, Rosangela Cunha; o Secret\u00e1rio de Educa\u00e7\u00e3o e Esportes, Cl\u00e9riston Andrade; o Secret\u00e1rio de Educa\u00e7\u00e3o \u00e0 Distancia da UNIVASF, Professor Ricardo Duarte; a Coordenadora de Educa\u00e7\u00e3o \u00e0 Distancia do Instituto An\u00edsio Teixeira da Secretaria de Educa\u00e7\u00e3o do Estado da Bahia, a Professora Mestre Liana Amorim e o Diretor do Centro de Educa\u00e7\u00e3o \u00e0 Distancia da UFPI, Professor Doutor Gild\u00e1sio Guedes.<\/p>\n","protected":false},"author":3,"featured_media":0,"comment_status":"open","ping_status":"open","sticky":false,"template":"","format":"standard","meta":{"_acf_changed":false,"footnotes":""},"categories":[6],"tags":[],"class_list":["post-100872","post","type-post","status-publish","format-standard","hentry","category-educacao"],"acf":[],"yoast_head":"<!-- This site is optimized with the Yoast SEO plugin v27.4 - https:\/\/yoast.com\/product\/yoast-seo-wordpress\/ -->\n<title>AULA INAUGURAL \u00c9 REALIZADA COM SUCESSO - Blog do Farn\u00e9sio<\/title>\n<meta name=\"robots\" content=\"index, follow, max-snippet:-1, max-image-preview:large, max-video-preview:-1\" \/>\n<link rel=\"canonical\" href=\"https:\/\/blogdofarnesio.com.br\/?p=100872\" \/>\n<meta property=\"og:locale\" content=\"pt_BR\" \/>\n<meta property=\"og:type\" content=\"article\" \/>\n<meta property=\"og:title\" content=\"AULA INAUGURAL \u00c9 REALIZADA COM SUCESSO - Blog do Farn\u00e9sio\" \/>\n<meta property=\"og:description\" content=\"Na \u00faltima semana, a sala sete do Audit\u00f3rio Multieventos da UNIVASF, em Juazeiro, esteve lotada para a aula inaugural dos cursos de licenciatura da Universidade Federal do Piau\u00ed, oferecidos no Polo UAB. Al\u00e9m de alunos dos cursos, estavam presentes a Coordenadora do Polo UAB Juazeiro, Rosangela Cunha; o Secret\u00e1rio de Educa\u00e7\u00e3o e Esportes, Cl\u00e9riston Andrade; o Secret\u00e1rio de Educa\u00e7\u00e3o \u00e0 Distancia da UNIVASF, Professor Ricardo Duarte; a Coordenadora de Educa\u00e7\u00e3o \u00e0 Distancia do Instituto An\u00edsio Teixeira da Secretaria de Educa\u00e7\u00e3o do Estado da Bahia, a Professora Mestre Liana Amorim e o Diretor do Centro de Educa\u00e7\u00e3o \u00e0 Distancia da UFPI, Professor Doutor Gild\u00e1sio Guedes.\" \/>\n<meta property=\"og:url\" content=\"https:\/\/blogdofarnesio.com.br\/?p=100872\" \/>\n<meta property=\"og:site_name\" content=\"Blog do Farn\u00e9sio\" \/>\n<meta property=\"article:publisher\" content=\"https:\/\/www.facebook.com\/BlogQuerSaberPolitica\/\" \/>\n<meta property=\"article:published_time\" content=\"2014-09-30T22:05:22+00:00\" \/>\n<meta property=\"og:image\" content=\"http:\/\/www.quersaberpolitica.com.br\/2016\/wp-content\/uploads\/2014\/09\/UNIVASF-300x199.jpg\" \/>\n<meta name=\"author\" content=\"teste\" \/>\n<meta name=\"twitter:card\" content=\"summary_large_image\" \/>\n<meta name=\"twitter:label1\" content=\"Escrito por\" \/>\n\t<meta name=\"twitter:data1\" content=\"teste\" \/>\n\t<meta name=\"twitter:label2\" content=\"Est. tempo de leitura\" \/>\n\t<meta name=\"twitter:data2\" content=\"2 minutos\" \/>\n<script type=\"application\/ld+json\" class=\"yoast-schema-graph\">{\"@context\":\"https:\\\/\\\/schema.org\",\"@graph\":[{\"@type\":\"Article\",\"@id\":\"https:\\\/\\\/blogdofarnesio.com.br\\\/?p=100872#article\",\"isPartOf\":{\"@id\":\"https:\\\/\\\/blogdofarnesio.com.br\\\/?p=100872\"},\"author\":{\"name\":\"teste\",\"@id\":\"https:\\\/\\\/blogdofarnesio.com.br\\\/#\\\/schema\\\/person\\\/dd1bf5eba40b687199ba45ca6b97dff9\"},\"headline\":\"AULA INAUGURAL \u00c9 REALIZADA COM SUCESSO\",\"datePublished\":\"2014-09-30T22:05:22+00:00\",\"mainEntityOfPage\":{\"@id\":\"https:\\\/\\\/blogdofarnesio.com.br\\\/?p=100872\"},\"wordCount\":447,\"commentCount\":0,\"publisher\":{\"@id\":\"https:\\\/\\\/blogdofarnesio.com.br\\\/#organization\"},\"image\":{\"@id\":\"https:\\\/\\\/blogdofarnesio.com.br\\\/?p=100872#primaryimage\"},\"thumbnailUrl\":\"http:\\\/\\\/www.quersaberpolitica.com.br\\\/2016\\\/wp-content\\\/uploads\\\/2014\\\/09\\\/UNIVASF-300x199.jpg\",\"articleSection\":[\"Educa\u00e7\u00e3o\"],\"inLanguage\":\"pt-BR\",\"potentialAction\":[{\"@type\":\"CommentAction\",\"name\":\"Comment\",\"target\":[\"https:\\\/\\\/blogdofarnesio.com.br\\\/?p=100872#respond\"]}]},{\"@type\":\"WebPage\",\"@id\":\"https:\\\/\\\/blogdofarnesio.com.br\\\/?p=100872\",\"url\":\"https:\\\/\\\/blogdofarnesio.com.br\\\/?p=100872\",\"name\":\"AULA INAUGURAL \u00c9 REALIZADA COM SUCESSO - Blog do Farn\u00e9sio\",\"isPartOf\":{\"@id\":\"https:\\\/\\\/blogdofarnesio.com.br\\\/#website\"},\"primaryImageOfPage\":{\"@id\":\"https:\\\/\\\/blogdofarnesio.com.br\\\/?p=100872#primaryimage\"},\"image\":{\"@id\":\"https:\\\/\\\/blogdofarnesio.com.br\\\/?p=100872#primaryimage\"},\"thumbnailUrl\":\"http:\\\/\\\/www.quersaberpolitica.com.br\\\/2016\\\/wp-content\\\/uploads\\\/2014\\\/09\\\/UNIVASF-300x199.jpg\",\"datePublished\":\"2014-09-30T22:05:22+00:00\",\"breadcrumb\":{\"@id\":\"https:\\\/\\\/blogdofarnesio.com.br\\\/?p=100872#breadcrumb\"},\"inLanguage\":\"pt-BR\",\"potentialAction\":[{\"@type\":\"ReadAction\",\"target\":[\"https:\\\/\\\/blogdofarnesio.com.br\\\/?p=100872\"]}]},{\"@type\":\"ImageObject\",\"inLanguage\":\"pt-BR\",\"@id\":\"https:\\\/\\\/blogdofarnesio.com.br\\\/?p=100872#primaryimage\",\"url\":\"http:\\\/\\\/www.quersaberpolitica.com.br\\\/2016\\\/wp-content\\\/uploads\\\/2014\\\/09\\\/UNIVASF-300x199.jpg\",\"contentUrl\":\"http:\\\/\\\/www.quersaberpolitica.com.br\\\/2016\\\/wp-content\\\/uploads\\\/2014\\\/09\\\/UNIVASF-300x199.jpg\"},{\"@type\":\"BreadcrumbList\",\"@id\":\"https:\\\/\\\/blogdofarnesio.com.br\\\/?p=100872#breadcrumb\",\"itemListElement\":[{\"@type\":\"ListItem\",\"position\":1,\"name\":\"In\u00edcio\",\"item\":\"https:\\\/\\\/blogdofarnesio.com.br\\\/\"},{\"@type\":\"ListItem\",\"position\":2,\"name\":\"AULA INAUGURAL \u00c9 REALIZADA COM SUCESSO\"}]},{\"@type\":\"WebSite\",\"@id\":\"https:\\\/\\\/blogdofarnesio.com.br\\\/#website\",\"url\":\"https:\\\/\\\/blogdofarnesio.com.br\\\/\",\"name\":\"Blog do Farn\u00e9sio\",\"description\":\"Quer Saber Pol\u00edtica?\",\"publisher\":{\"@id\":\"https:\\\/\\\/blogdofarnesio.com.br\\\/#organization\"},\"potentialAction\":[{\"@type\":\"SearchAction\",\"target\":{\"@type\":\"EntryPoint\",\"urlTemplate\":\"https:\\\/\\\/blogdofarnesio.com.br\\\/?s={search_term_string}\"},\"query-input\":{\"@type\":\"PropertyValueSpecification\",\"valueRequired\":true,\"valueName\":\"search_term_string\"}}],\"inLanguage\":\"pt-BR\"},{\"@type\":\"Organization\",\"@id\":\"https:\\\/\\\/blogdofarnesio.com.br\\\/#organization\",\"name\":\"Blog do Farn\u00e9sio\",\"url\":\"https:\\\/\\\/blogdofarnesio.com.br\\\/\",\"logo\":{\"@type\":\"ImageObject\",\"inLanguage\":\"pt-BR\",\"@id\":\"https:\\\/\\\/blogdofarnesio.com.br\\\/#\\\/schema\\\/logo\\\/image\\\/\",\"url\":\"https:\\\/\\\/blogdofarnesio.com.br\\\/wp-content\\\/uploads\\\/2026\\\/03\\\/cropped-logo_new-1.png\",\"contentUrl\":\"https:\\\/\\\/blogdofarnesio.com.br\\\/wp-content\\\/uploads\\\/2026\\\/03\\\/cropped-logo_new-1.png\",\"width\":881,\"height\":685,\"caption\":\"Blog do Farn\u00e9sio\"},\"image\":{\"@id\":\"https:\\\/\\\/blogdofarnesio.com.br\\\/#\\\/schema\\\/logo\\\/image\\\/\"},\"sameAs\":[\"https:\\\/\\\/www.facebook.com\\\/BlogQuerSaberPolitica\\\/\"]},{\"@type\":\"Person\",\"@id\":\"https:\\\/\\\/blogdofarnesio.com.br\\\/#\\\/schema\\\/person\\\/dd1bf5eba40b687199ba45ca6b97dff9\",\"name\":\"teste\",\"image\":{\"@type\":\"ImageObject\",\"inLanguage\":\"pt-BR\",\"@id\":\"https:\\\/\\\/secure.gravatar.com\\\/avatar\\\/2172498d4914b51e1d89a0f97957b035ac4938723a5cac208135d389b6972a6d?s=96&d=mm&r=g\",\"url\":\"https:\\\/\\\/secure.gravatar.com\\\/avatar\\\/2172498d4914b51e1d89a0f97957b035ac4938723a5cac208135d389b6972a6d?s=96&d=mm&r=g\",\"contentUrl\":\"https:\\\/\\\/secure.gravatar.com\\\/avatar\\\/2172498d4914b51e1d89a0f97957b035ac4938723a5cac208135d389b6972a6d?s=96&d=mm&r=g\",\"caption\":\"teste\"},\"url\":\"https:\\\/\\\/blogdofarnesio.com.br\\\/?author=3\"}]}<\/script>\n<!-- \/ Yoast SEO plugin. -->","yoast_head_json":{"title":"AULA INAUGURAL \u00c9 REALIZADA COM SUCESSO - Blog do Farn\u00e9sio","robots":{"index":"index","follow":"follow","max-snippet":"max-snippet:-1","max-image-preview":"max-image-preview:large","max-video-preview":"max-video-preview:-1"},"canonical":"https:\/\/blogdofarnesio.com.br\/?p=100872","og_locale":"pt_BR","og_type":"article","og_title":"AULA INAUGURAL \u00c9 REALIZADA COM SUCESSO - Blog do Farn\u00e9sio","og_description":"Na \u00faltima semana, a sala sete do Audit\u00f3rio Multieventos da UNIVASF, em Juazeiro, esteve lotada para a aula inaugural dos cursos de licenciatura da Universidade Federal do Piau\u00ed, oferecidos no Polo UAB. Al\u00e9m de alunos dos cursos, estavam presentes a Coordenadora do Polo UAB Juazeiro, Rosangela Cunha; o Secret\u00e1rio de Educa\u00e7\u00e3o e Esportes, Cl\u00e9riston Andrade; o Secret\u00e1rio de Educa\u00e7\u00e3o \u00e0 Distancia da UNIVASF, Professor Ricardo Duarte; a Coordenadora de Educa\u00e7\u00e3o \u00e0 Distancia do Instituto An\u00edsio Teixeira da Secretaria de Educa\u00e7\u00e3o do Estado da Bahia, a Professora Mestre Liana Amorim e o Diretor do Centro de Educa\u00e7\u00e3o \u00e0 Distancia da UFPI, Professor Doutor Gild\u00e1sio Guedes.","og_url":"https:\/\/blogdofarnesio.com.br\/?p=100872","og_site_name":"Blog do Farn\u00e9sio","article_publisher":"https:\/\/www.facebook.com\/BlogQuerSaberPolitica\/","article_published_time":"2014-09-30T22:05:22+00:00","og_image":[{"url":"http:\/\/www.quersaberpolitica.com.br\/2016\/wp-content\/uploads\/2014\/09\/UNIVASF-300x199.jpg","type":"","width":"","height":""}],"author":"teste","twitter_card":"summary_large_image","twitter_misc":{"Escrito por":"teste","Est. tempo de leitura":"2 minutos"},"schema":{"@context":"https:\/\/schema.org","@graph":[{"@type":"Article","@id":"https:\/\/blogdofarnesio.com.br\/?p=100872#article","isPartOf":{"@id":"https:\/\/blogdofarnesio.com.br\/?p=100872"},"author":{"name":"teste","@id":"https:\/\/blogdofarnesio.com.br\/#\/schema\/person\/dd1bf5eba40b687199ba45ca6b97dff9"},"headline":"AULA INAUGURAL \u00c9 REALIZADA COM SUCESSO","datePublished":"2014-09-30T22:05:22+00:00","mainEntityOfPage":{"@id":"https:\/\/blogdofarnesio.com.br\/?p=100872"},"wordCount":447,"commentCount":0,"publisher":{"@id":"https:\/\/blogdofarnesio.com.br\/#organization"},"image":{"@id":"https:\/\/blogdofarnesio.com.br\/?p=100872#primaryimage"},"thumbnailUrl":"http:\/\/www.quersaberpolitica.com.br\/2016\/wp-content\/uploads\/2014\/09\/UNIVASF-300x199.jpg","articleSection":["Educa\u00e7\u00e3o"],"inLanguage":"pt-BR","potentialAction":[{"@type":"CommentAction","name":"Comment","target":["https:\/\/blogdofarnesio.com.br\/?p=100872#respond"]}]},{"@type":"WebPage","@id":"https:\/\/blogdofarnesio.com.br\/?p=100872","url":"https:\/\/blogdofarnesio.com.br\/?p=100872","name":"AULA INAUGURAL \u00c9 REALIZADA COM SUCESSO - Blog do Farn\u00e9sio","isPartOf":{"@id":"https:\/\/blogdofarnesio.com.br\/#website"},"primaryImageOfPage":{"@id":"https:\/\/blogdofarnesio.com.br\/?p=100872#primaryimage"},"image":{"@id":"https:\/\/blogdofarnesio.com.br\/?p=100872#primaryimage"},"thumbnailUrl":"http:\/\/www.quersaberpolitica.com.br\/2016\/wp-content\/uploads\/2014\/09\/UNIVASF-300x199.jpg","datePublished":"2014-09-30T22:05:22+00:00","breadcrumb":{"@id":"https:\/\/blogdofarnesio.com.br\/?p=100872#breadcrumb"},"inLanguage":"pt-BR","potentialAction":[{"@type":"ReadAction","target":["https:\/\/blogdofarnesio.com.br\/?p=100872"]}]},{"@type":"ImageObject","inLanguage":"pt-BR","@id":"https:\/\/blogdofarnesio.com.br\/?p=100872#primaryimage","url":"http:\/\/www.quersaberpolitica.com.br\/2016\/wp-content\/uploads\/2014\/09\/UNIVASF-300x199.jpg","contentUrl":"http:\/\/www.quersaberpolitica.com.br\/2016\/wp-content\/uploads\/2014\/09\/UNIVASF-300x199.jpg"},{"@type":"BreadcrumbList","@id":"https:\/\/blogdofarnesio.com.br\/?p=100872#breadcrumb","itemListElement":[{"@type":"ListItem","position":1,"name":"In\u00edcio","item":"https:\/\/blogdofarnesio.com.br\/"},{"@type":"ListItem","position":2,"name":"AULA INAUGURAL \u00c9 REALIZADA COM SUCESSO"}]},{"@type":"WebSite","@id":"https:\/\/blogdofarnesio.com.br\/#website","url":"https:\/\/blogdofarnesio.com.br\/","name":"Blog do Farn\u00e9sio","description":"Quer Saber Pol\u00edtica?","publisher":{"@id":"https:\/\/blogdofarnesio.com.br\/#organization"},"potentialAction":[{"@type":"SearchAction","target":{"@type":"EntryPoint","urlTemplate":"https:\/\/blogdofarnesio.com.br\/?s={search_term_string}"},"query-input":{"@type":"PropertyValueSpecification","valueRequired":true,"valueName":"search_term_string"}}],"inLanguage":"pt-BR"},{"@type":"Organization","@id":"https:\/\/blogdofarnesio.com.br\/#organization","name":"Blog do Farn\u00e9sio","url":"https:\/\/blogdofarnesio.com.br\/","logo":{"@type":"ImageObject","inLanguage":"pt-BR","@id":"https:\/\/blogdofarnesio.com.br\/#\/schema\/logo\/image\/","url":"https:\/\/blogdofarnesio.com.br\/wp-content\/uploads\/2026\/03\/cropped-logo_new-1.png","contentUrl":"https:\/\/blogdofarnesio.com.br\/wp-content\/uploads\/2026\/03\/cropped-logo_new-1.png","width":881,"height":685,"caption":"Blog do Farn\u00e9sio"},"image":{"@id":"https:\/\/blogdofarnesio.com.br\/#\/schema\/logo\/image\/"},"sameAs":["https:\/\/www.facebook.com\/BlogQuerSaberPolitica\/"]},{"@type":"Person","@id":"https:\/\/blogdofarnesio.com.br\/#\/schema\/person\/dd1bf5eba40b687199ba45ca6b97dff9","name":"teste","image":{"@type":"ImageObject","inLanguage":"pt-BR","@id":"https:\/\/secure.gravatar.com\/avatar\/2172498d4914b51e1d89a0f97957b035ac4938723a5cac208135d389b6972a6d?s=96&d=mm&r=g","url":"https:\/\/secure.gravatar.com\/avatar\/2172498d4914b51e1d89a0f97957b035ac4938723a5cac208135d389b6972a6d?s=96&d=mm&r=g","contentUrl":"https:\/\/secure.gravatar.com\/avatar\/2172498d4914b51e1d89a0f97957b035ac4938723a5cac208135d389b6972a6d?s=96&d=mm&r=g","caption":"teste"},"url":"https:\/\/blogdofarnesio.com.br\/?author=3"}]}},"_links":{"self":[{"href":"https:\/\/blogdofarnesio.com.br\/index.php?rest_route=\/wp\/v2\/posts\/100872","targetHints":{"allow":["GET"]}}],"collection":[{"href":"https:\/\/blogdofarnesio.com.br\/index.php?rest_route=\/wp\/v2\/posts"}],"about":[{"href":"https:\/\/blogdofarnesio.com.br\/index.php?rest_route=\/wp\/v2\/types\/post"}],"author":[{"embeddable":true,"href":"https:\/\/blogdofarnesio.com.br\/index.php?rest_route=\/wp\/v2\/users\/3"}],"replies":[{"embeddable":true,"href":"https:\/\/blogdofarnesio.com.br\/index.php?rest_route=%2Fwp%2Fv2%2Fcomments&post=100872"}],"version-history":[{"count":0,"href":"https:\/\/blogdofarnesio.com.br\/index.php?rest_route=\/wp\/v2\/posts\/100872\/revisions"}],"wp:attachment":[{"href":"https:\/\/blogdofarnesio.com.br\/index.php?rest_route=%2Fwp%2Fv2%2Fmedia&parent=100872"}],"wp:term":[{"taxonomy":"category","embeddable":true,"href":"https:\/\/blogdofarnesio.com.br\/index.php?rest_route=%2Fwp%2Fv2%2Fcategories&post=100872"},{"taxonomy":"post_tag","embeddable":true,"href":"https:\/\/blogdofarnesio.com.br\/index.php?rest_route=%2Fwp%2Fv2%2Ftags&post=100872"}],"curies":[{"name":"wp","href":"https:\/\/api.w.org\/{rel}","templated":true}]}}