{"id":10068,"date":"2012-01-07T11:30:12","date_gmt":"2012-01-07T11:30:12","guid":{"rendered":"http:\/\/www.quersaberpolitica.com.br?p=10068"},"modified":"2012-01-07T11:02:46","modified_gmt":"2012-01-07T11:02:46","slug":"presidente-da-codevasf-e-o-primeiro-a-cair-com-a-crise-do-irmao-ministro","status":"publish","type":"post","link":"https:\/\/blogdofarnesio.com.br\/?p=10068","title":{"rendered":"Presidente da Codevasf \u00e9 o primeiro a cair com a crise do irm\u00e3o ministro"},"content":{"rendered":"<p>&nbsp;<\/p>\n<p>&nbsp;<\/p>\n<div style=\"background-image: initial; background-attachment: initial; background-origin: initial; background-clip: initial; margin: 8px;\">\n<p><a href=\"mailto:\">Ag&ecirc;ncia Brasil<\/a><\/p>\n<p style=\"text-align: justify;\"><a rel=\"lightbox\" href=\"http:\/\/www.quersaberpolitica.com.br\/2016\/wp-content\/uploads\/2012\/12\/blogqspclementino1.jpg\"><img loading=\"lazy\" decoding=\"async\" style=\"float: right; margin-top: 5px; margin-bottom: 5px; margin-left: 10px; margin-right: 10px;\" src=\"http:\/\/www.quersaberpolitica.com.br\/2016\/wp-content\/uploads\/2012\/12\/blogqspclementino1.jpg\" alt=\"\" width=\"168\" height=\"144\" \/><\/a><span style=\"font-size: medium;\"><span style=\"font-family: arial, helvetica, sans-serif;\">A Casa Civil da Presid&ecirc;ncia da Rep&uacute;blica informou, em nota, que n&atilde;o h&aacute; irregularidade no fato de Clementino Coelho, irm&atilde;o do ministro da Integra&ccedil;&atilde;o Nacional, Fernando Bezerra Coelho, ocupar interinamente a presid&ecirc;ncia da Companhia de Desenvolvimento dos Vales do S&atilde;o Francisco e do Parna&iacute;ba (Codevasf). A estatal &eacute; vinculada ao minist&eacute;rio.<\/span><\/span><\/p>\n<p style=\"text-align: justify;\"><span style=\"font-size: medium;\"><span style=\"font-family: arial, helvetica, sans-serif;\">&#8220;De acordo com o estatuto da empresa e orienta&ccedil;&atilde;o da Controladoria-Geral da Uni&atilde;o, Clementino Coelho exerce provisoriamente o cargo de presidente por ser o membro mais antigo da diretoria da Codevasf&#8221;, diz a nota divulgada na noite desta sexta-feira (6) pela Casa Civil, comandada pela ministra Gleisi Hoffman.<br \/><\/span><\/span><\/p>\n<p style=\"text-align: justify;\"><span style=\"font-size: medium;\"><span style=\"font-family: arial, helvetica, sans-serif;\"><a href=\"http:\/\/www.correiobraziliense.com.br\/app\/noticia\/politica\/2012\/01\/06\/interna_politica,285498\/belchior-diz-que-nao-houve-irregularidade-no-uso-de-verbas-em-pernambuco.shtml\"><\/a>Not&iacute;cias divulgadas pela imprensa apontam que o ministro estaria usando &oacute;rg&atilde;os da pasta para beneficiar parentes e cidades de sua base eleitoral.<\/p>\n<p>Por indica&ccedil;&atilde;o do ministro Fernando Bezerra Coelho,&nbsp;<strong>Guilherme Almeida<\/strong>, atual diretor de Revitaliza&ccedil;&atilde;o de Bacias Hidrogr&aacute;ficas da Codevasf,&nbsp;<strong>ser&aacute; nomeado presidente<\/strong>&nbsp;da companhia nos pr&oacute;ximos dias. De acordo com a Casa Civil, a indica&ccedil;&atilde;o do nome de Almeida foi feita h&aacute; cerca de 50 dias e as consultas exigidas pela lei j&aacute; foram conclu&iacute;das.&nbsp;<\/span><\/span><\/p>\n<p>Saiba mais&#8230;<a href=\"http:\/\/www.correiobraziliense.com.br\/app\/noticia\/politica\/2012\/01\/06\/interna_politica,285410\/fernando-bezerra-usa-ministerio-para-prestigiar-base-eleitoral-da-familia.shtml\">&nbsp;Fernando Bezerra usa minist&eacute;rio para prestigiar base eleitoral da fam&iacute;lia<\/a><a href=\"http:\/\/www.correiobraziliense.com.br\/app\/noticia\/politica\/2012\/01\/06\/interna_politica,285411\/ministro-da-integracao-foi-deixado-sozinho-na-tarefa-de-justificar-repasses.shtml\">&nbsp;Ministro da Integra&ccedil;&atilde;o foi deixado sozinho na tarefa de justificar repasses<\/a><a href=\"http:\/\/www.correiobraziliense.com.br\/app\/noticia\/politica\/2012\/01\/06\/interna_politica,285479\/sarney-so-vai-analisar-na-proxima-semana-pedido-para-ouvir-ministro-bezerra.shtml\">&nbsp;Sarney s&oacute; vai analisar na pr&oacute;xima semana pedido para ouvir ministro Bezerra<\/a><a href=\"http:\/\/www.correiobraziliense.com.br\/app\/noticia\/politica\/2012\/01\/06\/interna_politica,285498\/belchior-diz-que-nao-houve-irregularidade-no-uso-de-verbas-em-pernambuco.shtml\">&nbsp;Belchior diz que n&atilde;o houve irregularidade no uso de verbas em Pernambuco<\/a><\/p>\n<\/div>\n<p>&nbsp;<\/p>\n","protected":false},"excerpt":{"rendered":"<p>&nbsp; &nbsp; Ag&ecirc;ncia Brasil A Casa Civil da Presid&ecirc;ncia da Rep&uacute;blica informou, em nota, que n&atilde;o h&aacute; irregularidade no fato de Clementino Coelho, irm&atilde;o do ministro da Integra&ccedil;&atilde;o Nacional, Fernando Bezerra Coelho, ocupar interinamente a presid&ecirc;ncia da Companhia de Desenvolvimento dos Vales do S&atilde;o Francisco e do Parna&iacute;ba (Codevasf). A estatal &eacute; vinculada ao minist&eacute;rio. &#8220;De acordo com o estatuto da empresa e orienta&ccedil;&atilde;o da Controladoria-Geral da Uni&atilde;o, Clementino Coelho exerce provisoriamente o cargo de presidente por ser o membro mais antigo da diretoria da Codevasf&#8221;, diz a nota divulgada na noite desta sexta-feira (6) pela Casa Civil, comandada pela ministra Gleisi Hoffman. Not&iacute;cias divulgadas pela imprensa apontam que o ministro estaria usando &oacute;rg&atilde;os da pasta para beneficiar parentes e&hellip; <\/p>\n","protected":false},"author":0,"featured_media":0,"comment_status":"open","ping_status":"open","sticky":false,"template":"","format":"standard","meta":{"_acf_changed":false,"footnotes":""},"categories":[1],"tags":[],"class_list":["post-10068","post","type-post","status-publish","format-standard","hentry","category-politica"],"acf":[],"yoast_head":"<!-- This site is optimized with the Yoast SEO plugin v27.4 - https:\/\/yoast.com\/product\/yoast-seo-wordpress\/ -->\n<title>Presidente da Codevasf \u00e9 o primeiro a cair com a crise do irm\u00e3o ministro - Blog do Farn\u00e9sio<\/title>\n<meta name=\"robots\" content=\"index, follow, max-snippet:-1, max-image-preview:large, max-video-preview:-1\" \/>\n<link rel=\"canonical\" href=\"https:\/\/blogdofarnesio.com.br\/?p=10068\" \/>\n<meta property=\"og:locale\" content=\"pt_BR\" \/>\n<meta property=\"og:type\" content=\"article\" \/>\n<meta property=\"og:title\" content=\"Presidente da Codevasf \u00e9 o primeiro a cair com a crise do irm\u00e3o ministro - Blog do Farn\u00e9sio\" \/>\n<meta property=\"og:description\" content=\"&nbsp; &nbsp; Ag&ecirc;ncia Brasil A Casa Civil da Presid&ecirc;ncia da Rep&uacute;blica informou, em nota, que n&atilde;o h&aacute; irregularidade no fato de Clementino Coelho, irm&atilde;o do ministro da Integra&ccedil;&atilde;o Nacional, Fernando Bezerra Coelho, ocupar interinamente a presid&ecirc;ncia da Companhia de Desenvolvimento dos Vales do S&atilde;o Francisco e do Parna&iacute;ba (Codevasf). A estatal &eacute; vinculada ao minist&eacute;rio. &#8220;De acordo com o estatuto da empresa e orienta&ccedil;&atilde;o da Controladoria-Geral da Uni&atilde;o, Clementino Coelho exerce provisoriamente o cargo de presidente por ser o membro mais antigo da diretoria da Codevasf&#8221;, diz a nota divulgada na noite desta sexta-feira (6) pela Casa Civil, comandada pela ministra Gleisi Hoffman. Not&iacute;cias divulgadas pela imprensa apontam que o ministro estaria usando &oacute;rg&atilde;os da pasta para beneficiar parentes e&hellip;\" \/>\n<meta property=\"og:url\" content=\"https:\/\/blogdofarnesio.com.br\/?p=10068\" \/>\n<meta property=\"og:site_name\" content=\"Blog do Farn\u00e9sio\" \/>\n<meta property=\"article:publisher\" content=\"https:\/\/www.facebook.com\/BlogQuerSaberPolitica\/\" \/>\n<meta property=\"article:published_time\" content=\"2012-01-07T11:30:12+00:00\" \/>\n<meta property=\"og:image\" content=\"http:\/\/www.quersaberpolitica.com.br\/2016\/wp-content\/uploads\/2012\/12\/blogqspclementino1.jpg\" \/>\n<meta name=\"twitter:card\" content=\"summary_large_image\" \/>\n<meta name=\"twitter:label1\" content=\"Est. tempo de leitura\" \/>\n\t<meta name=\"twitter:data1\" content=\"1 minuto\" \/>\n<script type=\"application\/ld+json\" class=\"yoast-schema-graph\">{\"@context\":\"https:\\\/\\\/schema.org\",\"@graph\":[{\"@type\":\"Article\",\"@id\":\"https:\\\/\\\/blogdofarnesio.com.br\\\/?p=10068#article\",\"isPartOf\":{\"@id\":\"https:\\\/\\\/blogdofarnesio.com.br\\\/?p=10068\"},\"author\":{\"name\":\"\",\"@id\":\"\"},\"headline\":\"Presidente da Codevasf \u00e9 o primeiro a cair com a crise do irm\u00e3o ministro\",\"datePublished\":\"2012-01-07T11:30:12+00:00\",\"mainEntityOfPage\":{\"@id\":\"https:\\\/\\\/blogdofarnesio.com.br\\\/?p=10068\"},\"wordCount\":309,\"commentCount\":0,\"publisher\":{\"@id\":\"https:\\\/\\\/blogdofarnesio.com.br\\\/#organization\"},\"image\":{\"@id\":\"https:\\\/\\\/blogdofarnesio.com.br\\\/?p=10068#primaryimage\"},\"thumbnailUrl\":\"http:\\\/\\\/www.quersaberpolitica.com.br\\\/2016\\\/wp-content\\\/uploads\\\/2012\\\/12\\\/blogqspclementino1.jpg\",\"articleSection\":[\"Pol\u00edtica\"],\"inLanguage\":\"pt-BR\",\"potentialAction\":[{\"@type\":\"CommentAction\",\"name\":\"Comment\",\"target\":[\"https:\\\/\\\/blogdofarnesio.com.br\\\/?p=10068#respond\"]}]},{\"@type\":\"WebPage\",\"@id\":\"https:\\\/\\\/blogdofarnesio.com.br\\\/?p=10068\",\"url\":\"https:\\\/\\\/blogdofarnesio.com.br\\\/?p=10068\",\"name\":\"Presidente da Codevasf \u00e9 o primeiro a cair com a crise do irm\u00e3o ministro - Blog do Farn\u00e9sio\",\"isPartOf\":{\"@id\":\"https:\\\/\\\/blogdofarnesio.com.br\\\/#website\"},\"primaryImageOfPage\":{\"@id\":\"https:\\\/\\\/blogdofarnesio.com.br\\\/?p=10068#primaryimage\"},\"image\":{\"@id\":\"https:\\\/\\\/blogdofarnesio.com.br\\\/?p=10068#primaryimage\"},\"thumbnailUrl\":\"http:\\\/\\\/www.quersaberpolitica.com.br\\\/2016\\\/wp-content\\\/uploads\\\/2012\\\/12\\\/blogqspclementino1.jpg\",\"datePublished\":\"2012-01-07T11:30:12+00:00\",\"breadcrumb\":{\"@id\":\"https:\\\/\\\/blogdofarnesio.com.br\\\/?p=10068#breadcrumb\"},\"inLanguage\":\"pt-BR\",\"potentialAction\":[{\"@type\":\"ReadAction\",\"target\":[\"https:\\\/\\\/blogdofarnesio.com.br\\\/?p=10068\"]}]},{\"@type\":\"ImageObject\",\"inLanguage\":\"pt-BR\",\"@id\":\"https:\\\/\\\/blogdofarnesio.com.br\\\/?p=10068#primaryimage\",\"url\":\"http:\\\/\\\/www.quersaberpolitica.com.br\\\/2016\\\/wp-content\\\/uploads\\\/2012\\\/12\\\/blogqspclementino1.jpg\",\"contentUrl\":\"http:\\\/\\\/www.quersaberpolitica.com.br\\\/2016\\\/wp-content\\\/uploads\\\/2012\\\/12\\\/blogqspclementino1.jpg\"},{\"@type\":\"BreadcrumbList\",\"@id\":\"https:\\\/\\\/blogdofarnesio.com.br\\\/?p=10068#breadcrumb\",\"itemListElement\":[{\"@type\":\"ListItem\",\"position\":1,\"name\":\"In\u00edcio\",\"item\":\"https:\\\/\\\/blogdofarnesio.com.br\\\/\"},{\"@type\":\"ListItem\",\"position\":2,\"name\":\"Presidente da Codevasf \u00e9 o primeiro a cair com a crise do irm\u00e3o ministro\"}]},{\"@type\":\"WebSite\",\"@id\":\"https:\\\/\\\/blogdofarnesio.com.br\\\/#website\",\"url\":\"https:\\\/\\\/blogdofarnesio.com.br\\\/\",\"name\":\"Blog do Farn\u00e9sio\",\"description\":\"Quer Saber Pol\u00edtica?\",\"publisher\":{\"@id\":\"https:\\\/\\\/blogdofarnesio.com.br\\\/#organization\"},\"potentialAction\":[{\"@type\":\"SearchAction\",\"target\":{\"@type\":\"EntryPoint\",\"urlTemplate\":\"https:\\\/\\\/blogdofarnesio.com.br\\\/?s={search_term_string}\"},\"query-input\":{\"@type\":\"PropertyValueSpecification\",\"valueRequired\":true,\"valueName\":\"search_term_string\"}}],\"inLanguage\":\"pt-BR\"},{\"@type\":\"Organization\",\"@id\":\"https:\\\/\\\/blogdofarnesio.com.br\\\/#organization\",\"name\":\"Blog do Farn\u00e9sio\",\"url\":\"https:\\\/\\\/blogdofarnesio.com.br\\\/\",\"logo\":{\"@type\":\"ImageObject\",\"inLanguage\":\"pt-BR\",\"@id\":\"https:\\\/\\\/blogdofarnesio.com.br\\\/#\\\/schema\\\/logo\\\/image\\\/\",\"url\":\"https:\\\/\\\/blogdofarnesio.com.br\\\/wp-content\\\/uploads\\\/2026\\\/03\\\/cropped-logo_new-1.png\",\"contentUrl\":\"https:\\\/\\\/blogdofarnesio.com.br\\\/wp-content\\\/uploads\\\/2026\\\/03\\\/cropped-logo_new-1.png\",\"width\":881,\"height\":685,\"caption\":\"Blog do Farn\u00e9sio\"},\"image\":{\"@id\":\"https:\\\/\\\/blogdofarnesio.com.br\\\/#\\\/schema\\\/logo\\\/image\\\/\"},\"sameAs\":[\"https:\\\/\\\/www.facebook.com\\\/BlogQuerSaberPolitica\\\/\"]}]}<\/script>\n<!-- \/ Yoast SEO plugin. -->","yoast_head_json":{"title":"Presidente da Codevasf \u00e9 o primeiro a cair com a crise do irm\u00e3o ministro - Blog do Farn\u00e9sio","robots":{"index":"index","follow":"follow","max-snippet":"max-snippet:-1","max-image-preview":"max-image-preview:large","max-video-preview":"max-video-preview:-1"},"canonical":"https:\/\/blogdofarnesio.com.br\/?p=10068","og_locale":"pt_BR","og_type":"article","og_title":"Presidente da Codevasf \u00e9 o primeiro a cair com a crise do irm\u00e3o ministro - Blog do Farn\u00e9sio","og_description":"&nbsp; &nbsp; Ag&ecirc;ncia Brasil A Casa Civil da Presid&ecirc;ncia da Rep&uacute;blica informou, em nota, que n&atilde;o h&aacute; irregularidade no fato de Clementino Coelho, irm&atilde;o do ministro da Integra&ccedil;&atilde;o Nacional, Fernando Bezerra Coelho, ocupar interinamente a presid&ecirc;ncia da Companhia de Desenvolvimento dos Vales do S&atilde;o Francisco e do Parna&iacute;ba (Codevasf). A estatal &eacute; vinculada ao minist&eacute;rio. &#8220;De acordo com o estatuto da empresa e orienta&ccedil;&atilde;o da Controladoria-Geral da Uni&atilde;o, Clementino Coelho exerce provisoriamente o cargo de presidente por ser o membro mais antigo da diretoria da Codevasf&#8221;, diz a nota divulgada na noite desta sexta-feira (6) pela Casa Civil, comandada pela ministra Gleisi Hoffman. Not&iacute;cias divulgadas pela imprensa apontam que o ministro estaria usando &oacute;rg&atilde;os da pasta para beneficiar parentes e&hellip;","og_url":"https:\/\/blogdofarnesio.com.br\/?p=10068","og_site_name":"Blog do Farn\u00e9sio","article_publisher":"https:\/\/www.facebook.com\/BlogQuerSaberPolitica\/","article_published_time":"2012-01-07T11:30:12+00:00","og_image":[{"url":"http:\/\/www.quersaberpolitica.com.br\/2016\/wp-content\/uploads\/2012\/12\/blogqspclementino1.jpg","type":"","width":"","height":""}],"twitter_card":"summary_large_image","twitter_misc":{"Est. tempo de leitura":"1 minuto"},"schema":{"@context":"https:\/\/schema.org","@graph":[{"@type":"Article","@id":"https:\/\/blogdofarnesio.com.br\/?p=10068#article","isPartOf":{"@id":"https:\/\/blogdofarnesio.com.br\/?p=10068"},"author":{"name":"","@id":""},"headline":"Presidente da Codevasf \u00e9 o primeiro a cair com a crise do irm\u00e3o ministro","datePublished":"2012-01-07T11:30:12+00:00","mainEntityOfPage":{"@id":"https:\/\/blogdofarnesio.com.br\/?p=10068"},"wordCount":309,"commentCount":0,"publisher":{"@id":"https:\/\/blogdofarnesio.com.br\/#organization"},"image":{"@id":"https:\/\/blogdofarnesio.com.br\/?p=10068#primaryimage"},"thumbnailUrl":"http:\/\/www.quersaberpolitica.com.br\/2016\/wp-content\/uploads\/2012\/12\/blogqspclementino1.jpg","articleSection":["Pol\u00edtica"],"inLanguage":"pt-BR","potentialAction":[{"@type":"CommentAction","name":"Comment","target":["https:\/\/blogdofarnesio.com.br\/?p=10068#respond"]}]},{"@type":"WebPage","@id":"https:\/\/blogdofarnesio.com.br\/?p=10068","url":"https:\/\/blogdofarnesio.com.br\/?p=10068","name":"Presidente da Codevasf \u00e9 o primeiro a cair com a crise do irm\u00e3o ministro - Blog do Farn\u00e9sio","isPartOf":{"@id":"https:\/\/blogdofarnesio.com.br\/#website"},"primaryImageOfPage":{"@id":"https:\/\/blogdofarnesio.com.br\/?p=10068#primaryimage"},"image":{"@id":"https:\/\/blogdofarnesio.com.br\/?p=10068#primaryimage"},"thumbnailUrl":"http:\/\/www.quersaberpolitica.com.br\/2016\/wp-content\/uploads\/2012\/12\/blogqspclementino1.jpg","datePublished":"2012-01-07T11:30:12+00:00","breadcrumb":{"@id":"https:\/\/blogdofarnesio.com.br\/?p=10068#breadcrumb"},"inLanguage":"pt-BR","potentialAction":[{"@type":"ReadAction","target":["https:\/\/blogdofarnesio.com.br\/?p=10068"]}]},{"@type":"ImageObject","inLanguage":"pt-BR","@id":"https:\/\/blogdofarnesio.com.br\/?p=10068#primaryimage","url":"http:\/\/www.quersaberpolitica.com.br\/2016\/wp-content\/uploads\/2012\/12\/blogqspclementino1.jpg","contentUrl":"http:\/\/www.quersaberpolitica.com.br\/2016\/wp-content\/uploads\/2012\/12\/blogqspclementino1.jpg"},{"@type":"BreadcrumbList","@id":"https:\/\/blogdofarnesio.com.br\/?p=10068#breadcrumb","itemListElement":[{"@type":"ListItem","position":1,"name":"In\u00edcio","item":"https:\/\/blogdofarnesio.com.br\/"},{"@type":"ListItem","position":2,"name":"Presidente da Codevasf \u00e9 o primeiro a cair com a crise do irm\u00e3o ministro"}]},{"@type":"WebSite","@id":"https:\/\/blogdofarnesio.com.br\/#website","url":"https:\/\/blogdofarnesio.com.br\/","name":"Blog do Farn\u00e9sio","description":"Quer Saber Pol\u00edtica?","publisher":{"@id":"https:\/\/blogdofarnesio.com.br\/#organization"},"potentialAction":[{"@type":"SearchAction","target":{"@type":"EntryPoint","urlTemplate":"https:\/\/blogdofarnesio.com.br\/?s={search_term_string}"},"query-input":{"@type":"PropertyValueSpecification","valueRequired":true,"valueName":"search_term_string"}}],"inLanguage":"pt-BR"},{"@type":"Organization","@id":"https:\/\/blogdofarnesio.com.br\/#organization","name":"Blog do Farn\u00e9sio","url":"https:\/\/blogdofarnesio.com.br\/","logo":{"@type":"ImageObject","inLanguage":"pt-BR","@id":"https:\/\/blogdofarnesio.com.br\/#\/schema\/logo\/image\/","url":"https:\/\/blogdofarnesio.com.br\/wp-content\/uploads\/2026\/03\/cropped-logo_new-1.png","contentUrl":"https:\/\/blogdofarnesio.com.br\/wp-content\/uploads\/2026\/03\/cropped-logo_new-1.png","width":881,"height":685,"caption":"Blog do Farn\u00e9sio"},"image":{"@id":"https:\/\/blogdofarnesio.com.br\/#\/schema\/logo\/image\/"},"sameAs":["https:\/\/www.facebook.com\/BlogQuerSaberPolitica\/"]}]}},"_links":{"self":[{"href":"https:\/\/blogdofarnesio.com.br\/index.php?rest_route=\/wp\/v2\/posts\/10068","targetHints":{"allow":["GET"]}}],"collection":[{"href":"https:\/\/blogdofarnesio.com.br\/index.php?rest_route=\/wp\/v2\/posts"}],"about":[{"href":"https:\/\/blogdofarnesio.com.br\/index.php?rest_route=\/wp\/v2\/types\/post"}],"replies":[{"embeddable":true,"href":"https:\/\/blogdofarnesio.com.br\/index.php?rest_route=%2Fwp%2Fv2%2Fcomments&post=10068"}],"version-history":[{"count":0,"href":"https:\/\/blogdofarnesio.com.br\/index.php?rest_route=\/wp\/v2\/posts\/10068\/revisions"}],"wp:attachment":[{"href":"https:\/\/blogdofarnesio.com.br\/index.php?rest_route=%2Fwp%2Fv2%2Fmedia&parent=10068"}],"wp:term":[{"taxonomy":"category","embeddable":true,"href":"https:\/\/blogdofarnesio.com.br\/index.php?rest_route=%2Fwp%2Fv2%2Fcategories&post=10068"},{"taxonomy":"post_tag","embeddable":true,"href":"https:\/\/blogdofarnesio.com.br\/index.php?rest_route=%2Fwp%2Fv2%2Ftags&post=10068"}],"curies":[{"name":"wp","href":"https:\/\/api.w.org\/{rel}","templated":true}]}}