{"id":100602,"date":"2014-09-27T08:33:22","date_gmt":"2014-09-27T11:33:22","guid":{"rendered":"http:\/\/www.quersaberpolitica.com.br\/?p=100602"},"modified":"2014-09-26T19:24:42","modified_gmt":"2014-09-26T22:24:42","slug":"secretarios-da-cidade-e-habitacao-se-reunem-com-integrantes-da-pm-para-atualizarem-projeto-do-loteamento","status":"publish","type":"post","link":"https:\/\/blogdofarnesio.com.br\/?p=100602","title":{"rendered":"SECRET\u00c1RIOS DA CIDADE E HABITA\u00c7\u00c3O SE RE\u00daNEM COM INTEGRANTES DA PM PARA ATUALIZAREM PROJETO DO LOTEAMENTO"},"content":{"rendered":"<p style=\"text-align: justify\"><a href=\"http:\/\/www.quersaberpolitica.com.br\/2016\/wp-content\/uploads\/2014\/09\/unnamed477.jpg\"><img loading=\"lazy\" decoding=\"async\" class=\"aligncenter size-medium wp-image-100604\" alt=\"unnamed\" src=\"http:\/\/www.quersaberpolitica.com.br\/2016\/wp-content\/uploads\/2014\/09\/unnamed477-300x224.jpg\" width=\"300\" height=\"224\" srcset=\"https:\/\/blogdofarnesio.com.br\/wp-content\/uploads\/2014\/09\/unnamed477-300x224.jpg 300w, https:\/\/blogdofarnesio.com.br\/wp-content\/uploads\/2014\/09\/unnamed477.jpg 314w\" sizes=\"auto, (max-width: 300px) 100vw, 300px\" \/><\/a>O secret\u00e1rio da Cidade, Marcello Cavalcanti e o da Habita\u00e7\u00e3o, Ednaldo Lima, se reuniram semana passada, com integrantes da Pol\u00edcia Militar no pr\u00e9dio da Secretaria da Cidade para atualizarem a fase final do projeto do Loteamento Francisco de Ara\u00fajo, que contemplar\u00e1 as fam\u00edlias da PM em Petrolina. As moradias estar\u00e3o localizadas do S\u00edtio Boa Vista, nas terras da Fazenda Massangano, no bairro Henrique Leite.<\/p>\n<p style=\"text-align: justify\">Com a planta final do projeto em m\u00e3os, o secret\u00e1rio Marcello apresentou ao grupo o registro pronto do terreno em cart\u00f3rio, comprovando a legitimidade das tramita\u00e7\u00f5es jur\u00eddicas. Neste processo de finaliza\u00e7\u00e3o, o projeto ser\u00e1 encaminhado agora \u00e0 C\u00e2mara de Vereadores para realiza\u00e7\u00e3o de protocolo. Essa a\u00e7\u00e3o acontecer\u00e1 a partir da segunda quinzena de outubro deste ano de 2014.<!--more--><\/p>\n<p style=\"text-align: justify\">Para Marcello, \u00e9 importante o acompanhamento deste processo pelo grupo, \u201cEssas conquistas s\u00e3o frutos de uma luta conjunta: do Governo Municipal atrav\u00e9s da Secretaria da Cidade e Habita\u00e7\u00e3o, unidos com a for\u00e7a de vontade da associa\u00e7\u00e3o dos futuros moradores do Loteamento. Continuaremos compartilhando dessas conquistas. E a partir desse momento, os tramites seguem mais acelerados e muito em breve estaremos comemorando a realiza\u00e7\u00e3o desse grandioso projeto\u201d, ressaltou o secret\u00e1rio.<\/p>\n","protected":false},"excerpt":{"rendered":"<p>O secret\u00e1rio da Cidade, Marcello Cavalcanti e o da Habita\u00e7\u00e3o, Ednaldo Lima, se reuniram semana passada, com integrantes da Pol\u00edcia Militar no pr\u00e9dio da Secretaria da Cidade para atualizarem a fase final do projeto do Loteamento Francisco de Ara\u00fajo, que contemplar\u00e1 as fam\u00edlias da PM em Petrolina. As moradias estar\u00e3o localizadas do S\u00edtio Boa Vista, nas terras da Fazenda Massangano, no bairro Henrique Leite. Com a planta final do projeto em m\u00e3os, o secret\u00e1rio Marcello apresentou ao grupo o registro pronto do terreno em cart\u00f3rio, comprovando a legitimidade das tramita\u00e7\u00f5es jur\u00eddicas. Neste processo de finaliza\u00e7\u00e3o, o projeto ser\u00e1 encaminhado agora \u00e0 C\u00e2mara de Vereadores para realiza\u00e7\u00e3o de protocolo. Essa a\u00e7\u00e3o acontecer\u00e1 a partir da segunda quinzena de outubro deste ano&hellip; <\/p>\n","protected":false},"author":3,"featured_media":0,"comment_status":"open","ping_status":"open","sticky":false,"template":"","format":"standard","meta":{"_acf_changed":false,"footnotes":""},"categories":[22],"tags":[],"class_list":["post-100602","post","type-post","status-publish","format-standard","hentry","category-acao-social"],"acf":[],"yoast_head":"<!-- This site is optimized with the Yoast SEO plugin v27.4 - https:\/\/yoast.com\/product\/yoast-seo-wordpress\/ -->\n<title>SECRET\u00c1RIOS DA CIDADE E HABITA\u00c7\u00c3O SE RE\u00daNEM COM INTEGRANTES DA PM PARA ATUALIZAREM PROJETO DO LOTEAMENTO - Blog do Farn\u00e9sio<\/title>\n<meta name=\"robots\" content=\"index, follow, max-snippet:-1, max-image-preview:large, max-video-preview:-1\" \/>\n<link rel=\"canonical\" href=\"https:\/\/blogdofarnesio.com.br\/?p=100602\" \/>\n<meta property=\"og:locale\" content=\"pt_BR\" \/>\n<meta property=\"og:type\" content=\"article\" \/>\n<meta property=\"og:title\" content=\"SECRET\u00c1RIOS DA CIDADE E HABITA\u00c7\u00c3O SE RE\u00daNEM COM INTEGRANTES DA PM PARA ATUALIZAREM PROJETO DO LOTEAMENTO - Blog do Farn\u00e9sio\" \/>\n<meta property=\"og:description\" content=\"O secret\u00e1rio da Cidade, Marcello Cavalcanti e o da Habita\u00e7\u00e3o, Ednaldo Lima, se reuniram semana passada, com integrantes da Pol\u00edcia Militar no pr\u00e9dio da Secretaria da Cidade para atualizarem a fase final do projeto do Loteamento Francisco de Ara\u00fajo, que contemplar\u00e1 as fam\u00edlias da PM em Petrolina. As moradias estar\u00e3o localizadas do S\u00edtio Boa Vista, nas terras da Fazenda Massangano, no bairro Henrique Leite. Com a planta final do projeto em m\u00e3os, o secret\u00e1rio Marcello apresentou ao grupo o registro pronto do terreno em cart\u00f3rio, comprovando a legitimidade das tramita\u00e7\u00f5es jur\u00eddicas. Neste processo de finaliza\u00e7\u00e3o, o projeto ser\u00e1 encaminhado agora \u00e0 C\u00e2mara de Vereadores para realiza\u00e7\u00e3o de protocolo. Essa a\u00e7\u00e3o acontecer\u00e1 a partir da segunda quinzena de outubro deste ano&hellip;\" \/>\n<meta property=\"og:url\" content=\"https:\/\/blogdofarnesio.com.br\/?p=100602\" \/>\n<meta property=\"og:site_name\" content=\"Blog do Farn\u00e9sio\" \/>\n<meta property=\"article:publisher\" content=\"https:\/\/www.facebook.com\/BlogQuerSaberPolitica\/\" \/>\n<meta property=\"article:published_time\" content=\"2014-09-27T11:33:22+00:00\" \/>\n<meta property=\"og:image\" content=\"http:\/\/www.quersaberpolitica.com.br\/2016\/wp-content\/uploads\/2014\/09\/unnamed477-300x224.jpg\" \/>\n<meta name=\"author\" content=\"teste\" \/>\n<meta name=\"twitter:card\" content=\"summary_large_image\" \/>\n<meta name=\"twitter:label1\" content=\"Escrito por\" \/>\n\t<meta name=\"twitter:data1\" content=\"teste\" \/>\n\t<meta name=\"twitter:label2\" content=\"Est. tempo de leitura\" \/>\n\t<meta name=\"twitter:data2\" content=\"1 minuto\" \/>\n<script type=\"application\/ld+json\" class=\"yoast-schema-graph\">{\"@context\":\"https:\\\/\\\/schema.org\",\"@graph\":[{\"@type\":\"Article\",\"@id\":\"https:\\\/\\\/blogdofarnesio.com.br\\\/?p=100602#article\",\"isPartOf\":{\"@id\":\"https:\\\/\\\/blogdofarnesio.com.br\\\/?p=100602\"},\"author\":{\"name\":\"teste\",\"@id\":\"https:\\\/\\\/blogdofarnesio.com.br\\\/#\\\/schema\\\/person\\\/dd1bf5eba40b687199ba45ca6b97dff9\"},\"headline\":\"SECRET\u00c1RIOS DA CIDADE E HABITA\u00c7\u00c3O SE RE\u00daNEM COM INTEGRANTES DA PM PARA ATUALIZAREM PROJETO DO LOTEAMENTO\",\"datePublished\":\"2014-09-27T11:33:22+00:00\",\"mainEntityOfPage\":{\"@id\":\"https:\\\/\\\/blogdofarnesio.com.br\\\/?p=100602\"},\"wordCount\":231,\"commentCount\":0,\"publisher\":{\"@id\":\"https:\\\/\\\/blogdofarnesio.com.br\\\/#organization\"},\"image\":{\"@id\":\"https:\\\/\\\/blogdofarnesio.com.br\\\/?p=100602#primaryimage\"},\"thumbnailUrl\":\"http:\\\/\\\/www.quersaberpolitica.com.br\\\/2016\\\/wp-content\\\/uploads\\\/2014\\\/09\\\/unnamed477-300x224.jpg\",\"articleSection\":[\"A\u00e7\u00e3o Social\"],\"inLanguage\":\"pt-BR\",\"potentialAction\":[{\"@type\":\"CommentAction\",\"name\":\"Comment\",\"target\":[\"https:\\\/\\\/blogdofarnesio.com.br\\\/?p=100602#respond\"]}]},{\"@type\":\"WebPage\",\"@id\":\"https:\\\/\\\/blogdofarnesio.com.br\\\/?p=100602\",\"url\":\"https:\\\/\\\/blogdofarnesio.com.br\\\/?p=100602\",\"name\":\"SECRET\u00c1RIOS DA CIDADE E HABITA\u00c7\u00c3O SE RE\u00daNEM COM INTEGRANTES DA PM PARA ATUALIZAREM PROJETO DO LOTEAMENTO - Blog do Farn\u00e9sio\",\"isPartOf\":{\"@id\":\"https:\\\/\\\/blogdofarnesio.com.br\\\/#website\"},\"primaryImageOfPage\":{\"@id\":\"https:\\\/\\\/blogdofarnesio.com.br\\\/?p=100602#primaryimage\"},\"image\":{\"@id\":\"https:\\\/\\\/blogdofarnesio.com.br\\\/?p=100602#primaryimage\"},\"thumbnailUrl\":\"http:\\\/\\\/www.quersaberpolitica.com.br\\\/2016\\\/wp-content\\\/uploads\\\/2014\\\/09\\\/unnamed477-300x224.jpg\",\"datePublished\":\"2014-09-27T11:33:22+00:00\",\"breadcrumb\":{\"@id\":\"https:\\\/\\\/blogdofarnesio.com.br\\\/?p=100602#breadcrumb\"},\"inLanguage\":\"pt-BR\",\"potentialAction\":[{\"@type\":\"ReadAction\",\"target\":[\"https:\\\/\\\/blogdofarnesio.com.br\\\/?p=100602\"]}]},{\"@type\":\"ImageObject\",\"inLanguage\":\"pt-BR\",\"@id\":\"https:\\\/\\\/blogdofarnesio.com.br\\\/?p=100602#primaryimage\",\"url\":\"http:\\\/\\\/www.quersaberpolitica.com.br\\\/2016\\\/wp-content\\\/uploads\\\/2014\\\/09\\\/unnamed477-300x224.jpg\",\"contentUrl\":\"http:\\\/\\\/www.quersaberpolitica.com.br\\\/2016\\\/wp-content\\\/uploads\\\/2014\\\/09\\\/unnamed477-300x224.jpg\"},{\"@type\":\"BreadcrumbList\",\"@id\":\"https:\\\/\\\/blogdofarnesio.com.br\\\/?p=100602#breadcrumb\",\"itemListElement\":[{\"@type\":\"ListItem\",\"position\":1,\"name\":\"In\u00edcio\",\"item\":\"https:\\\/\\\/blogdofarnesio.com.br\\\/\"},{\"@type\":\"ListItem\",\"position\":2,\"name\":\"SECRET\u00c1RIOS DA CIDADE E HABITA\u00c7\u00c3O SE RE\u00daNEM COM INTEGRANTES DA PM PARA ATUALIZAREM PROJETO DO LOTEAMENTO\"}]},{\"@type\":\"WebSite\",\"@id\":\"https:\\\/\\\/blogdofarnesio.com.br\\\/#website\",\"url\":\"https:\\\/\\\/blogdofarnesio.com.br\\\/\",\"name\":\"Blog do Farn\u00e9sio\",\"description\":\"Quer Saber Pol\u00edtica?\",\"publisher\":{\"@id\":\"https:\\\/\\\/blogdofarnesio.com.br\\\/#organization\"},\"potentialAction\":[{\"@type\":\"SearchAction\",\"target\":{\"@type\":\"EntryPoint\",\"urlTemplate\":\"https:\\\/\\\/blogdofarnesio.com.br\\\/?s={search_term_string}\"},\"query-input\":{\"@type\":\"PropertyValueSpecification\",\"valueRequired\":true,\"valueName\":\"search_term_string\"}}],\"inLanguage\":\"pt-BR\"},{\"@type\":\"Organization\",\"@id\":\"https:\\\/\\\/blogdofarnesio.com.br\\\/#organization\",\"name\":\"Blog do Farn\u00e9sio\",\"url\":\"https:\\\/\\\/blogdofarnesio.com.br\\\/\",\"logo\":{\"@type\":\"ImageObject\",\"inLanguage\":\"pt-BR\",\"@id\":\"https:\\\/\\\/blogdofarnesio.com.br\\\/#\\\/schema\\\/logo\\\/image\\\/\",\"url\":\"https:\\\/\\\/blogdofarnesio.com.br\\\/wp-content\\\/uploads\\\/2026\\\/03\\\/cropped-logo_new-1.png\",\"contentUrl\":\"https:\\\/\\\/blogdofarnesio.com.br\\\/wp-content\\\/uploads\\\/2026\\\/03\\\/cropped-logo_new-1.png\",\"width\":881,\"height\":685,\"caption\":\"Blog do Farn\u00e9sio\"},\"image\":{\"@id\":\"https:\\\/\\\/blogdofarnesio.com.br\\\/#\\\/schema\\\/logo\\\/image\\\/\"},\"sameAs\":[\"https:\\\/\\\/www.facebook.com\\\/BlogQuerSaberPolitica\\\/\"]},{\"@type\":\"Person\",\"@id\":\"https:\\\/\\\/blogdofarnesio.com.br\\\/#\\\/schema\\\/person\\\/dd1bf5eba40b687199ba45ca6b97dff9\",\"name\":\"teste\",\"image\":{\"@type\":\"ImageObject\",\"inLanguage\":\"pt-BR\",\"@id\":\"https:\\\/\\\/secure.gravatar.com\\\/avatar\\\/2172498d4914b51e1d89a0f97957b035ac4938723a5cac208135d389b6972a6d?s=96&d=mm&r=g\",\"url\":\"https:\\\/\\\/secure.gravatar.com\\\/avatar\\\/2172498d4914b51e1d89a0f97957b035ac4938723a5cac208135d389b6972a6d?s=96&d=mm&r=g\",\"contentUrl\":\"https:\\\/\\\/secure.gravatar.com\\\/avatar\\\/2172498d4914b51e1d89a0f97957b035ac4938723a5cac208135d389b6972a6d?s=96&d=mm&r=g\",\"caption\":\"teste\"},\"url\":\"https:\\\/\\\/blogdofarnesio.com.br\\\/?author=3\"}]}<\/script>\n<!-- \/ Yoast SEO plugin. -->","yoast_head_json":{"title":"SECRET\u00c1RIOS DA CIDADE E HABITA\u00c7\u00c3O SE RE\u00daNEM COM INTEGRANTES DA PM PARA ATUALIZAREM PROJETO DO LOTEAMENTO - Blog do Farn\u00e9sio","robots":{"index":"index","follow":"follow","max-snippet":"max-snippet:-1","max-image-preview":"max-image-preview:large","max-video-preview":"max-video-preview:-1"},"canonical":"https:\/\/blogdofarnesio.com.br\/?p=100602","og_locale":"pt_BR","og_type":"article","og_title":"SECRET\u00c1RIOS DA CIDADE E HABITA\u00c7\u00c3O SE RE\u00daNEM COM INTEGRANTES DA PM PARA ATUALIZAREM PROJETO DO LOTEAMENTO - Blog do Farn\u00e9sio","og_description":"O secret\u00e1rio da Cidade, Marcello Cavalcanti e o da Habita\u00e7\u00e3o, Ednaldo Lima, se reuniram semana passada, com integrantes da Pol\u00edcia Militar no pr\u00e9dio da Secretaria da Cidade para atualizarem a fase final do projeto do Loteamento Francisco de Ara\u00fajo, que contemplar\u00e1 as fam\u00edlias da PM em Petrolina. As moradias estar\u00e3o localizadas do S\u00edtio Boa Vista, nas terras da Fazenda Massangano, no bairro Henrique Leite. Com a planta final do projeto em m\u00e3os, o secret\u00e1rio Marcello apresentou ao grupo o registro pronto do terreno em cart\u00f3rio, comprovando a legitimidade das tramita\u00e7\u00f5es jur\u00eddicas. Neste processo de finaliza\u00e7\u00e3o, o projeto ser\u00e1 encaminhado agora \u00e0 C\u00e2mara de Vereadores para realiza\u00e7\u00e3o de protocolo. Essa a\u00e7\u00e3o acontecer\u00e1 a partir da segunda quinzena de outubro deste ano&hellip;","og_url":"https:\/\/blogdofarnesio.com.br\/?p=100602","og_site_name":"Blog do Farn\u00e9sio","article_publisher":"https:\/\/www.facebook.com\/BlogQuerSaberPolitica\/","article_published_time":"2014-09-27T11:33:22+00:00","og_image":[{"url":"http:\/\/www.quersaberpolitica.com.br\/2016\/wp-content\/uploads\/2014\/09\/unnamed477-300x224.jpg","type":"","width":"","height":""}],"author":"teste","twitter_card":"summary_large_image","twitter_misc":{"Escrito por":"teste","Est. tempo de leitura":"1 minuto"},"schema":{"@context":"https:\/\/schema.org","@graph":[{"@type":"Article","@id":"https:\/\/blogdofarnesio.com.br\/?p=100602#article","isPartOf":{"@id":"https:\/\/blogdofarnesio.com.br\/?p=100602"},"author":{"name":"teste","@id":"https:\/\/blogdofarnesio.com.br\/#\/schema\/person\/dd1bf5eba40b687199ba45ca6b97dff9"},"headline":"SECRET\u00c1RIOS DA CIDADE E HABITA\u00c7\u00c3O SE RE\u00daNEM COM INTEGRANTES DA PM PARA ATUALIZAREM PROJETO DO LOTEAMENTO","datePublished":"2014-09-27T11:33:22+00:00","mainEntityOfPage":{"@id":"https:\/\/blogdofarnesio.com.br\/?p=100602"},"wordCount":231,"commentCount":0,"publisher":{"@id":"https:\/\/blogdofarnesio.com.br\/#organization"},"image":{"@id":"https:\/\/blogdofarnesio.com.br\/?p=100602#primaryimage"},"thumbnailUrl":"http:\/\/www.quersaberpolitica.com.br\/2016\/wp-content\/uploads\/2014\/09\/unnamed477-300x224.jpg","articleSection":["A\u00e7\u00e3o Social"],"inLanguage":"pt-BR","potentialAction":[{"@type":"CommentAction","name":"Comment","target":["https:\/\/blogdofarnesio.com.br\/?p=100602#respond"]}]},{"@type":"WebPage","@id":"https:\/\/blogdofarnesio.com.br\/?p=100602","url":"https:\/\/blogdofarnesio.com.br\/?p=100602","name":"SECRET\u00c1RIOS DA CIDADE E HABITA\u00c7\u00c3O SE RE\u00daNEM COM INTEGRANTES DA PM PARA ATUALIZAREM PROJETO DO LOTEAMENTO - Blog do Farn\u00e9sio","isPartOf":{"@id":"https:\/\/blogdofarnesio.com.br\/#website"},"primaryImageOfPage":{"@id":"https:\/\/blogdofarnesio.com.br\/?p=100602#primaryimage"},"image":{"@id":"https:\/\/blogdofarnesio.com.br\/?p=100602#primaryimage"},"thumbnailUrl":"http:\/\/www.quersaberpolitica.com.br\/2016\/wp-content\/uploads\/2014\/09\/unnamed477-300x224.jpg","datePublished":"2014-09-27T11:33:22+00:00","breadcrumb":{"@id":"https:\/\/blogdofarnesio.com.br\/?p=100602#breadcrumb"},"inLanguage":"pt-BR","potentialAction":[{"@type":"ReadAction","target":["https:\/\/blogdofarnesio.com.br\/?p=100602"]}]},{"@type":"ImageObject","inLanguage":"pt-BR","@id":"https:\/\/blogdofarnesio.com.br\/?p=100602#primaryimage","url":"http:\/\/www.quersaberpolitica.com.br\/2016\/wp-content\/uploads\/2014\/09\/unnamed477-300x224.jpg","contentUrl":"http:\/\/www.quersaberpolitica.com.br\/2016\/wp-content\/uploads\/2014\/09\/unnamed477-300x224.jpg"},{"@type":"BreadcrumbList","@id":"https:\/\/blogdofarnesio.com.br\/?p=100602#breadcrumb","itemListElement":[{"@type":"ListItem","position":1,"name":"In\u00edcio","item":"https:\/\/blogdofarnesio.com.br\/"},{"@type":"ListItem","position":2,"name":"SECRET\u00c1RIOS DA CIDADE E HABITA\u00c7\u00c3O SE RE\u00daNEM COM INTEGRANTES DA PM PARA ATUALIZAREM PROJETO DO LOTEAMENTO"}]},{"@type":"WebSite","@id":"https:\/\/blogdofarnesio.com.br\/#website","url":"https:\/\/blogdofarnesio.com.br\/","name":"Blog do Farn\u00e9sio","description":"Quer Saber Pol\u00edtica?","publisher":{"@id":"https:\/\/blogdofarnesio.com.br\/#organization"},"potentialAction":[{"@type":"SearchAction","target":{"@type":"EntryPoint","urlTemplate":"https:\/\/blogdofarnesio.com.br\/?s={search_term_string}"},"query-input":{"@type":"PropertyValueSpecification","valueRequired":true,"valueName":"search_term_string"}}],"inLanguage":"pt-BR"},{"@type":"Organization","@id":"https:\/\/blogdofarnesio.com.br\/#organization","name":"Blog do Farn\u00e9sio","url":"https:\/\/blogdofarnesio.com.br\/","logo":{"@type":"ImageObject","inLanguage":"pt-BR","@id":"https:\/\/blogdofarnesio.com.br\/#\/schema\/logo\/image\/","url":"https:\/\/blogdofarnesio.com.br\/wp-content\/uploads\/2026\/03\/cropped-logo_new-1.png","contentUrl":"https:\/\/blogdofarnesio.com.br\/wp-content\/uploads\/2026\/03\/cropped-logo_new-1.png","width":881,"height":685,"caption":"Blog do Farn\u00e9sio"},"image":{"@id":"https:\/\/blogdofarnesio.com.br\/#\/schema\/logo\/image\/"},"sameAs":["https:\/\/www.facebook.com\/BlogQuerSaberPolitica\/"]},{"@type":"Person","@id":"https:\/\/blogdofarnesio.com.br\/#\/schema\/person\/dd1bf5eba40b687199ba45ca6b97dff9","name":"teste","image":{"@type":"ImageObject","inLanguage":"pt-BR","@id":"https:\/\/secure.gravatar.com\/avatar\/2172498d4914b51e1d89a0f97957b035ac4938723a5cac208135d389b6972a6d?s=96&d=mm&r=g","url":"https:\/\/secure.gravatar.com\/avatar\/2172498d4914b51e1d89a0f97957b035ac4938723a5cac208135d389b6972a6d?s=96&d=mm&r=g","contentUrl":"https:\/\/secure.gravatar.com\/avatar\/2172498d4914b51e1d89a0f97957b035ac4938723a5cac208135d389b6972a6d?s=96&d=mm&r=g","caption":"teste"},"url":"https:\/\/blogdofarnesio.com.br\/?author=3"}]}},"_links":{"self":[{"href":"https:\/\/blogdofarnesio.com.br\/index.php?rest_route=\/wp\/v2\/posts\/100602","targetHints":{"allow":["GET"]}}],"collection":[{"href":"https:\/\/blogdofarnesio.com.br\/index.php?rest_route=\/wp\/v2\/posts"}],"about":[{"href":"https:\/\/blogdofarnesio.com.br\/index.php?rest_route=\/wp\/v2\/types\/post"}],"author":[{"embeddable":true,"href":"https:\/\/blogdofarnesio.com.br\/index.php?rest_route=\/wp\/v2\/users\/3"}],"replies":[{"embeddable":true,"href":"https:\/\/blogdofarnesio.com.br\/index.php?rest_route=%2Fwp%2Fv2%2Fcomments&post=100602"}],"version-history":[{"count":0,"href":"https:\/\/blogdofarnesio.com.br\/index.php?rest_route=\/wp\/v2\/posts\/100602\/revisions"}],"wp:attachment":[{"href":"https:\/\/blogdofarnesio.com.br\/index.php?rest_route=%2Fwp%2Fv2%2Fmedia&parent=100602"}],"wp:term":[{"taxonomy":"category","embeddable":true,"href":"https:\/\/blogdofarnesio.com.br\/index.php?rest_route=%2Fwp%2Fv2%2Fcategories&post=100602"},{"taxonomy":"post_tag","embeddable":true,"href":"https:\/\/blogdofarnesio.com.br\/index.php?rest_route=%2Fwp%2Fv2%2Ftags&post=100602"}],"curies":[{"name":"wp","href":"https:\/\/api.w.org\/{rel}","templated":true}]}}