{"id":100581,"date":"2014-09-26T15:23:59","date_gmt":"2014-09-26T18:23:59","guid":{"rendered":"http:\/\/www.quersaberpolitica.com.br\/?p=100581"},"modified":"2014-09-26T15:24:00","modified_gmt":"2014-09-26T18:24:00","slug":"comite-denuncia-que-placas-de-jean-gomes-pt-candidato-a-deputado-estadual-estao-sendo-destruidas","status":"publish","type":"post","link":"https:\/\/blogdofarnesio.com.br\/?p=100581","title":{"rendered":"COMIT\u00ca DENUNCIA QUE PLACAS DE JEAN GOMES (PT), CANDIDATO A DEPUTADO ESTADUAL EST\u00c3O SENDO DESTRU\u00cdDAS"},"content":{"rendered":"<p style=\"text-align: justify\"><a href=\"http:\/\/www.quersaberpolitica.com.br\/2016\/wp-content\/uploads\/2014\/09\/Paulo-Epttc257.jpg\"><img loading=\"lazy\" decoding=\"async\" class=\"aligncenter size-medium wp-image-100582\" alt=\"Paulo Epttc25\" src=\"http:\/\/www.quersaberpolitica.com.br\/2016\/wp-content\/uploads\/2014\/09\/Paulo-Epttc257-300x256.jpg\" width=\"300\" height=\"256\" srcset=\"https:\/\/blogdofarnesio.com.br\/wp-content\/uploads\/2014\/09\/Paulo-Epttc257-300x256.jpg 300w, https:\/\/blogdofarnesio.com.br\/wp-content\/uploads\/2014\/09\/Paulo-Epttc257-351x300.jpg 351w, https:\/\/blogdofarnesio.com.br\/wp-content\/uploads\/2014\/09\/Paulo-Epttc257.jpg 384w\" sizes=\"auto, (max-width: 300px) 100vw, 300px\" \/><\/a>Est\u00e1 sendo praticada uma a\u00e7\u00e3o sistem\u00e1tica de vandalismo contra propagandas de Jean Gomes, candidato a Deputado Estadual pelo Partido dos Trabalhadores no Estado da Bahia. Indignados, os integrantes do comit\u00ea de campanha est\u00e3o denunciando o fato \u00e0s autoridades.<\/p>\n<p style=\"text-align: justify\">\u201c\u00c9 uma atitude organizada, feita de forma planejada contra a propaganda de Jean Gomes, danificam somente as placas do nosso candidato, pois podemos ver que as outras placas deixam intactas. De Piranga at\u00e9 o bairro Santo Ant\u00f4nio, foram inutilizadas todas as nossas placas em um \u00fanico dia.\u201d declara Cristiano Maia um dos coordenadores da \u00e1rea publicit\u00e1ria da campanha.<\/p>\n<p style=\"text-align: justify\">\u201c\u00c9 coisa t\u00edpica de quem joga baixo, e n\u00e3o aceita que outro candidato esteja bem colocado no processo\u201d, complementa Cristiano, acrescentando que al\u00e9m da destrui\u00e7\u00e3o geral causada no material de campanha nesse trecho, aconteceram antes outros atos de vandalismo noutras regi\u00f5es, como na estrada do Quid\u00e9.<!--more--><\/p>\n<p style=\"text-align: justify\">\u00c9 importante que cada um fa\u00e7a sua propaganda de forma livre, respeitando os espa\u00e7os de todos os candidatos e acima de tudo praticando a observ\u00e2ncia da legisla\u00e7\u00e3o eleitoral. Portanto esse ato de depreda\u00e7\u00e3o de material de propaganda se configura no mais absoluto desrespeito as normas do processo democr\u00e1tico.<br \/>\n\u201cAs placas n\u00e3o s\u00e3o apenas arrancadas de seus suportes, mas s\u00e3o grosseiramente rasgadas, o que comprova que a a\u00e7\u00e3o visa causar um dano definitivo contra a propaganda de Jean Gomes\u201d. Acrescenta o mesmo.<\/p>\n<p style=\"text-align: justify\">Jean Gomes est\u00e1 fazendo uma campanha simples, honesta, respeitando as leis, os eleitores e os demais candidatos.<\/p>\n<p style=\"text-align: justify\">J\u00e1 acionamos o departamento jur\u00eddico para que tome as devidas provid\u00eancias. Agora nos resta substituir o material danificado e aguardar os desdobramentos legais\u201d.<\/p>\n<p style=\"text-align: justify\">\n","protected":false},"excerpt":{"rendered":"<p>Est\u00e1 sendo praticada uma a\u00e7\u00e3o sistem\u00e1tica de vandalismo contra propagandas de Jean Gomes, candidato a Deputado Estadual pelo Partido dos Trabalhadores no Estado da Bahia. Indignados, os integrantes do comit\u00ea de campanha est\u00e3o denunciando o fato \u00e0s autoridades. \u201c\u00c9 uma atitude organizada, feita de forma planejada contra a propaganda de Jean Gomes, danificam somente as placas do nosso candidato, pois podemos ver que as outras placas deixam intactas. De Piranga at\u00e9 o bairro Santo Ant\u00f4nio, foram inutilizadas todas as nossas placas em um \u00fanico dia.\u201d declara Cristiano Maia um dos coordenadores da \u00e1rea publicit\u00e1ria da campanha. \u201c\u00c9 coisa t\u00edpica de quem joga baixo, e n\u00e3o aceita que outro candidato esteja bem colocado no processo\u201d, complementa Cristiano, acrescentando que al\u00e9m da&hellip; <\/p>\n","protected":false},"author":3,"featured_media":0,"comment_status":"open","ping_status":"open","sticky":false,"template":"","format":"standard","meta":{"_acf_changed":false,"footnotes":""},"categories":[1],"tags":[],"class_list":["post-100581","post","type-post","status-publish","format-standard","hentry","category-politica"],"acf":[],"yoast_head":"<!-- This site is optimized with the Yoast SEO plugin v27.4 - https:\/\/yoast.com\/product\/yoast-seo-wordpress\/ -->\n<title>COMIT\u00ca DENUNCIA QUE PLACAS DE JEAN GOMES (PT), CANDIDATO A DEPUTADO ESTADUAL EST\u00c3O SENDO DESTRU\u00cdDAS - Blog do Farn\u00e9sio<\/title>\n<meta name=\"robots\" content=\"index, follow, max-snippet:-1, max-image-preview:large, max-video-preview:-1\" \/>\n<link rel=\"canonical\" href=\"https:\/\/blogdofarnesio.com.br\/?p=100581\" \/>\n<meta property=\"og:locale\" content=\"pt_BR\" \/>\n<meta property=\"og:type\" content=\"article\" \/>\n<meta property=\"og:title\" content=\"COMIT\u00ca DENUNCIA QUE PLACAS DE JEAN GOMES (PT), CANDIDATO A DEPUTADO ESTADUAL EST\u00c3O SENDO DESTRU\u00cdDAS - Blog do Farn\u00e9sio\" \/>\n<meta property=\"og:description\" content=\"Est\u00e1 sendo praticada uma a\u00e7\u00e3o sistem\u00e1tica de vandalismo contra propagandas de Jean Gomes, candidato a Deputado Estadual pelo Partido dos Trabalhadores no Estado da Bahia. Indignados, os integrantes do comit\u00ea de campanha est\u00e3o denunciando o fato \u00e0s autoridades. \u201c\u00c9 uma atitude organizada, feita de forma planejada contra a propaganda de Jean Gomes, danificam somente as placas do nosso candidato, pois podemos ver que as outras placas deixam intactas. De Piranga at\u00e9 o bairro Santo Ant\u00f4nio, foram inutilizadas todas as nossas placas em um \u00fanico dia.\u201d declara Cristiano Maia um dos coordenadores da \u00e1rea publicit\u00e1ria da campanha. \u201c\u00c9 coisa t\u00edpica de quem joga baixo, e n\u00e3o aceita que outro candidato esteja bem colocado no processo\u201d, complementa Cristiano, acrescentando que al\u00e9m da&hellip;\" \/>\n<meta property=\"og:url\" content=\"https:\/\/blogdofarnesio.com.br\/?p=100581\" \/>\n<meta property=\"og:site_name\" content=\"Blog do Farn\u00e9sio\" \/>\n<meta property=\"article:publisher\" content=\"https:\/\/www.facebook.com\/BlogQuerSaberPolitica\/\" \/>\n<meta property=\"article:published_time\" content=\"2014-09-26T18:23:59+00:00\" \/>\n<meta property=\"article:modified_time\" content=\"2014-09-26T18:24:00+00:00\" \/>\n<meta property=\"og:image\" content=\"http:\/\/www.quersaberpolitica.com.br\/2016\/wp-content\/uploads\/2014\/09\/Paulo-Epttc257-300x256.jpg\" \/>\n<meta name=\"author\" content=\"teste\" \/>\n<meta name=\"twitter:card\" content=\"summary_large_image\" \/>\n<meta name=\"twitter:label1\" content=\"Escrito por\" \/>\n\t<meta name=\"twitter:data1\" content=\"teste\" \/>\n\t<meta name=\"twitter:label2\" content=\"Est. tempo de leitura\" \/>\n\t<meta name=\"twitter:data2\" content=\"1 minuto\" \/>\n<script type=\"application\/ld+json\" class=\"yoast-schema-graph\">{\"@context\":\"https:\\\/\\\/schema.org\",\"@graph\":[{\"@type\":\"Article\",\"@id\":\"https:\\\/\\\/blogdofarnesio.com.br\\\/?p=100581#article\",\"isPartOf\":{\"@id\":\"https:\\\/\\\/blogdofarnesio.com.br\\\/?p=100581\"},\"author\":{\"name\":\"teste\",\"@id\":\"https:\\\/\\\/blogdofarnesio.com.br\\\/#\\\/schema\\\/person\\\/dd1bf5eba40b687199ba45ca6b97dff9\"},\"headline\":\"COMIT\u00ca DENUNCIA QUE PLACAS DE JEAN GOMES (PT), CANDIDATO A DEPUTADO ESTADUAL EST\u00c3O SENDO DESTRU\u00cdDAS\",\"datePublished\":\"2014-09-26T18:23:59+00:00\",\"dateModified\":\"2014-09-26T18:24:00+00:00\",\"mainEntityOfPage\":{\"@id\":\"https:\\\/\\\/blogdofarnesio.com.br\\\/?p=100581\"},\"wordCount\":299,\"commentCount\":0,\"publisher\":{\"@id\":\"https:\\\/\\\/blogdofarnesio.com.br\\\/#organization\"},\"image\":{\"@id\":\"https:\\\/\\\/blogdofarnesio.com.br\\\/?p=100581#primaryimage\"},\"thumbnailUrl\":\"http:\\\/\\\/www.quersaberpolitica.com.br\\\/2016\\\/wp-content\\\/uploads\\\/2014\\\/09\\\/Paulo-Epttc257-300x256.jpg\",\"articleSection\":[\"Pol\u00edtica\"],\"inLanguage\":\"pt-BR\",\"potentialAction\":[{\"@type\":\"CommentAction\",\"name\":\"Comment\",\"target\":[\"https:\\\/\\\/blogdofarnesio.com.br\\\/?p=100581#respond\"]}]},{\"@type\":\"WebPage\",\"@id\":\"https:\\\/\\\/blogdofarnesio.com.br\\\/?p=100581\",\"url\":\"https:\\\/\\\/blogdofarnesio.com.br\\\/?p=100581\",\"name\":\"COMIT\u00ca DENUNCIA QUE PLACAS DE JEAN GOMES (PT), CANDIDATO A DEPUTADO ESTADUAL EST\u00c3O SENDO DESTRU\u00cdDAS - Blog do Farn\u00e9sio\",\"isPartOf\":{\"@id\":\"https:\\\/\\\/blogdofarnesio.com.br\\\/#website\"},\"primaryImageOfPage\":{\"@id\":\"https:\\\/\\\/blogdofarnesio.com.br\\\/?p=100581#primaryimage\"},\"image\":{\"@id\":\"https:\\\/\\\/blogdofarnesio.com.br\\\/?p=100581#primaryimage\"},\"thumbnailUrl\":\"http:\\\/\\\/www.quersaberpolitica.com.br\\\/2016\\\/wp-content\\\/uploads\\\/2014\\\/09\\\/Paulo-Epttc257-300x256.jpg\",\"datePublished\":\"2014-09-26T18:23:59+00:00\",\"dateModified\":\"2014-09-26T18:24:00+00:00\",\"breadcrumb\":{\"@id\":\"https:\\\/\\\/blogdofarnesio.com.br\\\/?p=100581#breadcrumb\"},\"inLanguage\":\"pt-BR\",\"potentialAction\":[{\"@type\":\"ReadAction\",\"target\":[\"https:\\\/\\\/blogdofarnesio.com.br\\\/?p=100581\"]}]},{\"@type\":\"ImageObject\",\"inLanguage\":\"pt-BR\",\"@id\":\"https:\\\/\\\/blogdofarnesio.com.br\\\/?p=100581#primaryimage\",\"url\":\"http:\\\/\\\/www.quersaberpolitica.com.br\\\/2016\\\/wp-content\\\/uploads\\\/2014\\\/09\\\/Paulo-Epttc257-300x256.jpg\",\"contentUrl\":\"http:\\\/\\\/www.quersaberpolitica.com.br\\\/2016\\\/wp-content\\\/uploads\\\/2014\\\/09\\\/Paulo-Epttc257-300x256.jpg\"},{\"@type\":\"BreadcrumbList\",\"@id\":\"https:\\\/\\\/blogdofarnesio.com.br\\\/?p=100581#breadcrumb\",\"itemListElement\":[{\"@type\":\"ListItem\",\"position\":1,\"name\":\"In\u00edcio\",\"item\":\"https:\\\/\\\/blogdofarnesio.com.br\\\/\"},{\"@type\":\"ListItem\",\"position\":2,\"name\":\"COMIT\u00ca DENUNCIA QUE PLACAS DE JEAN GOMES (PT), CANDIDATO A DEPUTADO ESTADUAL EST\u00c3O SENDO DESTRU\u00cdDAS\"}]},{\"@type\":\"WebSite\",\"@id\":\"https:\\\/\\\/blogdofarnesio.com.br\\\/#website\",\"url\":\"https:\\\/\\\/blogdofarnesio.com.br\\\/\",\"name\":\"Blog do Farn\u00e9sio\",\"description\":\"Quer Saber Pol\u00edtica?\",\"publisher\":{\"@id\":\"https:\\\/\\\/blogdofarnesio.com.br\\\/#organization\"},\"potentialAction\":[{\"@type\":\"SearchAction\",\"target\":{\"@type\":\"EntryPoint\",\"urlTemplate\":\"https:\\\/\\\/blogdofarnesio.com.br\\\/?s={search_term_string}\"},\"query-input\":{\"@type\":\"PropertyValueSpecification\",\"valueRequired\":true,\"valueName\":\"search_term_string\"}}],\"inLanguage\":\"pt-BR\"},{\"@type\":\"Organization\",\"@id\":\"https:\\\/\\\/blogdofarnesio.com.br\\\/#organization\",\"name\":\"Blog do Farn\u00e9sio\",\"url\":\"https:\\\/\\\/blogdofarnesio.com.br\\\/\",\"logo\":{\"@type\":\"ImageObject\",\"inLanguage\":\"pt-BR\",\"@id\":\"https:\\\/\\\/blogdofarnesio.com.br\\\/#\\\/schema\\\/logo\\\/image\\\/\",\"url\":\"https:\\\/\\\/blogdofarnesio.com.br\\\/wp-content\\\/uploads\\\/2026\\\/03\\\/cropped-logo_new-1.png\",\"contentUrl\":\"https:\\\/\\\/blogdofarnesio.com.br\\\/wp-content\\\/uploads\\\/2026\\\/03\\\/cropped-logo_new-1.png\",\"width\":881,\"height\":685,\"caption\":\"Blog do Farn\u00e9sio\"},\"image\":{\"@id\":\"https:\\\/\\\/blogdofarnesio.com.br\\\/#\\\/schema\\\/logo\\\/image\\\/\"},\"sameAs\":[\"https:\\\/\\\/www.facebook.com\\\/BlogQuerSaberPolitica\\\/\"]},{\"@type\":\"Person\",\"@id\":\"https:\\\/\\\/blogdofarnesio.com.br\\\/#\\\/schema\\\/person\\\/dd1bf5eba40b687199ba45ca6b97dff9\",\"name\":\"teste\",\"image\":{\"@type\":\"ImageObject\",\"inLanguage\":\"pt-BR\",\"@id\":\"https:\\\/\\\/secure.gravatar.com\\\/avatar\\\/2172498d4914b51e1d89a0f97957b035ac4938723a5cac208135d389b6972a6d?s=96&d=mm&r=g\",\"url\":\"https:\\\/\\\/secure.gravatar.com\\\/avatar\\\/2172498d4914b51e1d89a0f97957b035ac4938723a5cac208135d389b6972a6d?s=96&d=mm&r=g\",\"contentUrl\":\"https:\\\/\\\/secure.gravatar.com\\\/avatar\\\/2172498d4914b51e1d89a0f97957b035ac4938723a5cac208135d389b6972a6d?s=96&d=mm&r=g\",\"caption\":\"teste\"},\"url\":\"https:\\\/\\\/blogdofarnesio.com.br\\\/?author=3\"}]}<\/script>\n<!-- \/ Yoast SEO plugin. -->","yoast_head_json":{"title":"COMIT\u00ca DENUNCIA QUE PLACAS DE JEAN GOMES (PT), CANDIDATO A DEPUTADO ESTADUAL EST\u00c3O SENDO DESTRU\u00cdDAS - Blog do Farn\u00e9sio","robots":{"index":"index","follow":"follow","max-snippet":"max-snippet:-1","max-image-preview":"max-image-preview:large","max-video-preview":"max-video-preview:-1"},"canonical":"https:\/\/blogdofarnesio.com.br\/?p=100581","og_locale":"pt_BR","og_type":"article","og_title":"COMIT\u00ca DENUNCIA QUE PLACAS DE JEAN GOMES (PT), CANDIDATO A DEPUTADO ESTADUAL EST\u00c3O SENDO DESTRU\u00cdDAS - Blog do Farn\u00e9sio","og_description":"Est\u00e1 sendo praticada uma a\u00e7\u00e3o sistem\u00e1tica de vandalismo contra propagandas de Jean Gomes, candidato a Deputado Estadual pelo Partido dos Trabalhadores no Estado da Bahia. Indignados, os integrantes do comit\u00ea de campanha est\u00e3o denunciando o fato \u00e0s autoridades. \u201c\u00c9 uma atitude organizada, feita de forma planejada contra a propaganda de Jean Gomes, danificam somente as placas do nosso candidato, pois podemos ver que as outras placas deixam intactas. De Piranga at\u00e9 o bairro Santo Ant\u00f4nio, foram inutilizadas todas as nossas placas em um \u00fanico dia.\u201d declara Cristiano Maia um dos coordenadores da \u00e1rea publicit\u00e1ria da campanha. \u201c\u00c9 coisa t\u00edpica de quem joga baixo, e n\u00e3o aceita que outro candidato esteja bem colocado no processo\u201d, complementa Cristiano, acrescentando que al\u00e9m da&hellip;","og_url":"https:\/\/blogdofarnesio.com.br\/?p=100581","og_site_name":"Blog do Farn\u00e9sio","article_publisher":"https:\/\/www.facebook.com\/BlogQuerSaberPolitica\/","article_published_time":"2014-09-26T18:23:59+00:00","article_modified_time":"2014-09-26T18:24:00+00:00","og_image":[{"url":"http:\/\/www.quersaberpolitica.com.br\/2016\/wp-content\/uploads\/2014\/09\/Paulo-Epttc257-300x256.jpg","type":"","width":"","height":""}],"author":"teste","twitter_card":"summary_large_image","twitter_misc":{"Escrito por":"teste","Est. tempo de leitura":"1 minuto"},"schema":{"@context":"https:\/\/schema.org","@graph":[{"@type":"Article","@id":"https:\/\/blogdofarnesio.com.br\/?p=100581#article","isPartOf":{"@id":"https:\/\/blogdofarnesio.com.br\/?p=100581"},"author":{"name":"teste","@id":"https:\/\/blogdofarnesio.com.br\/#\/schema\/person\/dd1bf5eba40b687199ba45ca6b97dff9"},"headline":"COMIT\u00ca DENUNCIA QUE PLACAS DE JEAN GOMES (PT), CANDIDATO A DEPUTADO ESTADUAL EST\u00c3O SENDO DESTRU\u00cdDAS","datePublished":"2014-09-26T18:23:59+00:00","dateModified":"2014-09-26T18:24:00+00:00","mainEntityOfPage":{"@id":"https:\/\/blogdofarnesio.com.br\/?p=100581"},"wordCount":299,"commentCount":0,"publisher":{"@id":"https:\/\/blogdofarnesio.com.br\/#organization"},"image":{"@id":"https:\/\/blogdofarnesio.com.br\/?p=100581#primaryimage"},"thumbnailUrl":"http:\/\/www.quersaberpolitica.com.br\/2016\/wp-content\/uploads\/2014\/09\/Paulo-Epttc257-300x256.jpg","articleSection":["Pol\u00edtica"],"inLanguage":"pt-BR","potentialAction":[{"@type":"CommentAction","name":"Comment","target":["https:\/\/blogdofarnesio.com.br\/?p=100581#respond"]}]},{"@type":"WebPage","@id":"https:\/\/blogdofarnesio.com.br\/?p=100581","url":"https:\/\/blogdofarnesio.com.br\/?p=100581","name":"COMIT\u00ca DENUNCIA QUE PLACAS DE JEAN GOMES (PT), CANDIDATO A DEPUTADO ESTADUAL EST\u00c3O SENDO DESTRU\u00cdDAS - Blog do Farn\u00e9sio","isPartOf":{"@id":"https:\/\/blogdofarnesio.com.br\/#website"},"primaryImageOfPage":{"@id":"https:\/\/blogdofarnesio.com.br\/?p=100581#primaryimage"},"image":{"@id":"https:\/\/blogdofarnesio.com.br\/?p=100581#primaryimage"},"thumbnailUrl":"http:\/\/www.quersaberpolitica.com.br\/2016\/wp-content\/uploads\/2014\/09\/Paulo-Epttc257-300x256.jpg","datePublished":"2014-09-26T18:23:59+00:00","dateModified":"2014-09-26T18:24:00+00:00","breadcrumb":{"@id":"https:\/\/blogdofarnesio.com.br\/?p=100581#breadcrumb"},"inLanguage":"pt-BR","potentialAction":[{"@type":"ReadAction","target":["https:\/\/blogdofarnesio.com.br\/?p=100581"]}]},{"@type":"ImageObject","inLanguage":"pt-BR","@id":"https:\/\/blogdofarnesio.com.br\/?p=100581#primaryimage","url":"http:\/\/www.quersaberpolitica.com.br\/2016\/wp-content\/uploads\/2014\/09\/Paulo-Epttc257-300x256.jpg","contentUrl":"http:\/\/www.quersaberpolitica.com.br\/2016\/wp-content\/uploads\/2014\/09\/Paulo-Epttc257-300x256.jpg"},{"@type":"BreadcrumbList","@id":"https:\/\/blogdofarnesio.com.br\/?p=100581#breadcrumb","itemListElement":[{"@type":"ListItem","position":1,"name":"In\u00edcio","item":"https:\/\/blogdofarnesio.com.br\/"},{"@type":"ListItem","position":2,"name":"COMIT\u00ca DENUNCIA QUE PLACAS DE JEAN GOMES (PT), CANDIDATO A DEPUTADO ESTADUAL EST\u00c3O SENDO DESTRU\u00cdDAS"}]},{"@type":"WebSite","@id":"https:\/\/blogdofarnesio.com.br\/#website","url":"https:\/\/blogdofarnesio.com.br\/","name":"Blog do Farn\u00e9sio","description":"Quer Saber Pol\u00edtica?","publisher":{"@id":"https:\/\/blogdofarnesio.com.br\/#organization"},"potentialAction":[{"@type":"SearchAction","target":{"@type":"EntryPoint","urlTemplate":"https:\/\/blogdofarnesio.com.br\/?s={search_term_string}"},"query-input":{"@type":"PropertyValueSpecification","valueRequired":true,"valueName":"search_term_string"}}],"inLanguage":"pt-BR"},{"@type":"Organization","@id":"https:\/\/blogdofarnesio.com.br\/#organization","name":"Blog do Farn\u00e9sio","url":"https:\/\/blogdofarnesio.com.br\/","logo":{"@type":"ImageObject","inLanguage":"pt-BR","@id":"https:\/\/blogdofarnesio.com.br\/#\/schema\/logo\/image\/","url":"https:\/\/blogdofarnesio.com.br\/wp-content\/uploads\/2026\/03\/cropped-logo_new-1.png","contentUrl":"https:\/\/blogdofarnesio.com.br\/wp-content\/uploads\/2026\/03\/cropped-logo_new-1.png","width":881,"height":685,"caption":"Blog do Farn\u00e9sio"},"image":{"@id":"https:\/\/blogdofarnesio.com.br\/#\/schema\/logo\/image\/"},"sameAs":["https:\/\/www.facebook.com\/BlogQuerSaberPolitica\/"]},{"@type":"Person","@id":"https:\/\/blogdofarnesio.com.br\/#\/schema\/person\/dd1bf5eba40b687199ba45ca6b97dff9","name":"teste","image":{"@type":"ImageObject","inLanguage":"pt-BR","@id":"https:\/\/secure.gravatar.com\/avatar\/2172498d4914b51e1d89a0f97957b035ac4938723a5cac208135d389b6972a6d?s=96&d=mm&r=g","url":"https:\/\/secure.gravatar.com\/avatar\/2172498d4914b51e1d89a0f97957b035ac4938723a5cac208135d389b6972a6d?s=96&d=mm&r=g","contentUrl":"https:\/\/secure.gravatar.com\/avatar\/2172498d4914b51e1d89a0f97957b035ac4938723a5cac208135d389b6972a6d?s=96&d=mm&r=g","caption":"teste"},"url":"https:\/\/blogdofarnesio.com.br\/?author=3"}]}},"_links":{"self":[{"href":"https:\/\/blogdofarnesio.com.br\/index.php?rest_route=\/wp\/v2\/posts\/100581","targetHints":{"allow":["GET"]}}],"collection":[{"href":"https:\/\/blogdofarnesio.com.br\/index.php?rest_route=\/wp\/v2\/posts"}],"about":[{"href":"https:\/\/blogdofarnesio.com.br\/index.php?rest_route=\/wp\/v2\/types\/post"}],"author":[{"embeddable":true,"href":"https:\/\/blogdofarnesio.com.br\/index.php?rest_route=\/wp\/v2\/users\/3"}],"replies":[{"embeddable":true,"href":"https:\/\/blogdofarnesio.com.br\/index.php?rest_route=%2Fwp%2Fv2%2Fcomments&post=100581"}],"version-history":[{"count":0,"href":"https:\/\/blogdofarnesio.com.br\/index.php?rest_route=\/wp\/v2\/posts\/100581\/revisions"}],"wp:attachment":[{"href":"https:\/\/blogdofarnesio.com.br\/index.php?rest_route=%2Fwp%2Fv2%2Fmedia&parent=100581"}],"wp:term":[{"taxonomy":"category","embeddable":true,"href":"https:\/\/blogdofarnesio.com.br\/index.php?rest_route=%2Fwp%2Fv2%2Fcategories&post=100581"},{"taxonomy":"post_tag","embeddable":true,"href":"https:\/\/blogdofarnesio.com.br\/index.php?rest_route=%2Fwp%2Fv2%2Ftags&post=100581"}],"curies":[{"name":"wp","href":"https:\/\/api.w.org\/{rel}","templated":true}]}}