{"id":100549,"date":"2014-10-01T08:04:10","date_gmt":"2014-10-01T11:04:10","guid":{"rendered":"http:\/\/www.quersaberpolitica.com.br\/?p=100549"},"modified":"2014-09-27T11:27:06","modified_gmt":"2014-09-27T14:27:07","slug":"grupo-de-apoio-a-exportacao-no-vale-do-sao-francisco-sera-criado-no-10o-secomex-da-facape","status":"publish","type":"post","link":"https:\/\/blogdofarnesio.com.br\/?p=100549","title":{"rendered":"GRUPO DE APOIO \u00c0 EXPORTA\u00c7\u00c3O NO VALE DO S\u00c3O FRANCISCO SER\u00c1 CRIADO NO 10\u00ba SECOMEX DA FACAPE"},"content":{"rendered":"<figure id=\"attachment_100638\" aria-describedby=\"caption-attachment-100638\" style=\"width: 500px\" class=\"wp-caption aligncenter\"><a href=\"http:\/\/www.quersaberpolitica.com.br\/2016\/wp-content\/uploads\/2014\/09\/blogqspsecomex.jpg\"><img loading=\"lazy\" decoding=\"async\" class=\"size-full wp-image-100638\" alt=\"blogqspsecomex\" src=\"http:\/\/www.quersaberpolitica.com.br\/2016\/wp-content\/uploads\/2014\/09\/blogqspsecomex.jpg\" width=\"500\" height=\"141\" \/><\/a><figcaption id=\"caption-attachment-100638\" class=\"wp-caption-text\">Ilustra\u00e7\u00e3o<\/figcaption><\/figure>\n<p style=\"text-align: justify\">Est\u00e3o abertas as inscri\u00e7\u00f5es para o 10\u00ba Semin\u00e1rio de Com\u00e9rcio Exterior (Secomex) da Faculdade de Ci\u00eancias Aplicadas e Sociais de Petrolina (Facape). Este ano, o evento faz parte da programa\u00e7\u00e3o da Semana Universit\u00e1ria 2014 e ser\u00e1 realizado nestes dias 1\u00ba e 2 de outubro.<\/p>\n<p style=\"text-align: justify\">O semin\u00e1rio contar\u00e1 com a participa\u00e7\u00e3o de representantes da Ag\u00eancia de Desenvolvimento Econ\u00f4mico do Estado de Pernambuco (AD Diper), Banco do Brasil e Sebrae. Na programa\u00e7\u00e3o, h\u00e1 visita t\u00e9cnica a empresas, minicursos e palestras com profissionais renomados da \u00e1rea.<\/p>\n<p style=\"text-align: justify\">Na oportunidade, os representantes da \u00e1rea de Com\u00e9rcio Exterior das institui\u00e7\u00f5es envolvidas se reunir\u00e3o no sentido de criar um grupo de apoio ao desenvolvimento da cultura exportadora no Vale do S\u00e3o Francisco. Segundo o coordenador do curso de Com\u00e9rcio Exterior da Facape, Ant\u00f4nio Cl\u00e1udio Pires, o evento n\u00e3o \u00e9 restrito a alunos e professores da Facape e UPE.<!--more--><\/p>\n<p style=\"text-align: justify\">\u201cQualquer pessoa interessada pode participar do Secomex, inclusive integrantes de outras comunidades acad\u00eamicas e empres\u00e1rios da regi\u00e3o\u201d, destacou.<\/p>\n<p style=\"text-align: justify\">Para participar, os interessados devem fazer as inscri\u00e7\u00f5es no link \u2018Eventos Acad\u00eamicos\u2019, dispon\u00edvel no site da Facape (www.facape.br). Mais informa\u00e7\u00f5es podem ser obtidas atrav\u00e9s do n\u00famero (87) 3866-3225.<\/p>\n","protected":false},"excerpt":{"rendered":"<p>Est\u00e3o abertas as inscri\u00e7\u00f5es para o 10\u00ba Semin\u00e1rio de Com\u00e9rcio Exterior (Secomex) da Faculdade de Ci\u00eancias Aplicadas e Sociais de Petrolina (Facape). Este ano, o evento faz parte da programa\u00e7\u00e3o da Semana Universit\u00e1ria 2014 e ser\u00e1 realizado nestes dias 1\u00ba e 2 de outubro. O semin\u00e1rio contar\u00e1 com a participa\u00e7\u00e3o de representantes da Ag\u00eancia de Desenvolvimento Econ\u00f4mico do Estado de Pernambuco (AD Diper), Banco do Brasil e Sebrae. Na programa\u00e7\u00e3o, h\u00e1 visita t\u00e9cnica a empresas, minicursos e palestras com profissionais renomados da \u00e1rea. Na oportunidade, os representantes da \u00e1rea de Com\u00e9rcio Exterior das institui\u00e7\u00f5es envolvidas se reunir\u00e3o no sentido de criar um grupo de apoio ao desenvolvimento da cultura exportadora no Vale do S\u00e3o Francisco. Segundo o coordenador do curso&hellip; <\/p>\n","protected":false},"author":3,"featured_media":0,"comment_status":"open","ping_status":"open","sticky":false,"template":"","format":"standard","meta":{"_acf_changed":false,"footnotes":""},"categories":[20],"tags":[],"class_list":["post-100549","post","type-post","status-publish","format-standard","hentry","category-economia"],"acf":[],"yoast_head":"<!-- This site is optimized with the Yoast SEO plugin v27.4 - https:\/\/yoast.com\/product\/yoast-seo-wordpress\/ -->\n<title>GRUPO DE APOIO \u00c0 EXPORTA\u00c7\u00c3O NO VALE DO S\u00c3O FRANCISCO SER\u00c1 CRIADO NO 10\u00ba SECOMEX DA FACAPE - Blog do Farn\u00e9sio<\/title>\n<meta name=\"robots\" content=\"index, follow, max-snippet:-1, max-image-preview:large, max-video-preview:-1\" \/>\n<link rel=\"canonical\" href=\"https:\/\/blogdofarnesio.com.br\/?p=100549\" \/>\n<meta property=\"og:locale\" content=\"pt_BR\" \/>\n<meta property=\"og:type\" content=\"article\" \/>\n<meta property=\"og:title\" content=\"GRUPO DE APOIO \u00c0 EXPORTA\u00c7\u00c3O NO VALE DO S\u00c3O FRANCISCO SER\u00c1 CRIADO NO 10\u00ba SECOMEX DA FACAPE - Blog do Farn\u00e9sio\" \/>\n<meta property=\"og:description\" content=\"Est\u00e3o abertas as inscri\u00e7\u00f5es para o 10\u00ba Semin\u00e1rio de Com\u00e9rcio Exterior (Secomex) da Faculdade de Ci\u00eancias Aplicadas e Sociais de Petrolina (Facape). Este ano, o evento faz parte da programa\u00e7\u00e3o da Semana Universit\u00e1ria 2014 e ser\u00e1 realizado nestes dias 1\u00ba e 2 de outubro. O semin\u00e1rio contar\u00e1 com a participa\u00e7\u00e3o de representantes da Ag\u00eancia de Desenvolvimento Econ\u00f4mico do Estado de Pernambuco (AD Diper), Banco do Brasil e Sebrae. Na programa\u00e7\u00e3o, h\u00e1 visita t\u00e9cnica a empresas, minicursos e palestras com profissionais renomados da \u00e1rea. Na oportunidade, os representantes da \u00e1rea de Com\u00e9rcio Exterior das institui\u00e7\u00f5es envolvidas se reunir\u00e3o no sentido de criar um grupo de apoio ao desenvolvimento da cultura exportadora no Vale do S\u00e3o Francisco. Segundo o coordenador do curso&hellip;\" \/>\n<meta property=\"og:url\" content=\"https:\/\/blogdofarnesio.com.br\/?p=100549\" \/>\n<meta property=\"og:site_name\" content=\"Blog do Farn\u00e9sio\" \/>\n<meta property=\"article:publisher\" content=\"https:\/\/www.facebook.com\/BlogQuerSaberPolitica\/\" \/>\n<meta property=\"article:published_time\" content=\"2014-10-01T11:04:10+00:00\" \/>\n<meta property=\"og:image\" content=\"http:\/\/www.quersaberpolitica.com.br\/2016\/wp-content\/uploads\/2014\/09\/blogqspsecomex.jpg\" \/>\n<meta name=\"author\" content=\"teste\" \/>\n<meta name=\"twitter:card\" content=\"summary_large_image\" \/>\n<meta name=\"twitter:label1\" content=\"Escrito por\" \/>\n\t<meta name=\"twitter:data1\" content=\"teste\" \/>\n\t<meta name=\"twitter:label2\" content=\"Est. tempo de leitura\" \/>\n\t<meta name=\"twitter:data2\" content=\"1 minuto\" \/>\n<script type=\"application\/ld+json\" class=\"yoast-schema-graph\">{\"@context\":\"https:\\\/\\\/schema.org\",\"@graph\":[{\"@type\":\"Article\",\"@id\":\"https:\\\/\\\/blogdofarnesio.com.br\\\/?p=100549#article\",\"isPartOf\":{\"@id\":\"https:\\\/\\\/blogdofarnesio.com.br\\\/?p=100549\"},\"author\":{\"name\":\"teste\",\"@id\":\"https:\\\/\\\/blogdofarnesio.com.br\\\/#\\\/schema\\\/person\\\/dd1bf5eba40b687199ba45ca6b97dff9\"},\"headline\":\"GRUPO DE APOIO \u00c0 EXPORTA\u00c7\u00c3O NO VALE DO S\u00c3O FRANCISCO SER\u00c1 CRIADO NO 10\u00ba SECOMEX DA FACAPE\",\"datePublished\":\"2014-10-01T11:04:10+00:00\",\"mainEntityOfPage\":{\"@id\":\"https:\\\/\\\/blogdofarnesio.com.br\\\/?p=100549\"},\"wordCount\":239,\"commentCount\":0,\"publisher\":{\"@id\":\"https:\\\/\\\/blogdofarnesio.com.br\\\/#organization\"},\"image\":{\"@id\":\"https:\\\/\\\/blogdofarnesio.com.br\\\/?p=100549#primaryimage\"},\"thumbnailUrl\":\"http:\\\/\\\/www.quersaberpolitica.com.br\\\/2016\\\/wp-content\\\/uploads\\\/2014\\\/09\\\/blogqspsecomex.jpg\",\"articleSection\":[\"Economia\"],\"inLanguage\":\"pt-BR\",\"potentialAction\":[{\"@type\":\"CommentAction\",\"name\":\"Comment\",\"target\":[\"https:\\\/\\\/blogdofarnesio.com.br\\\/?p=100549#respond\"]}]},{\"@type\":\"WebPage\",\"@id\":\"https:\\\/\\\/blogdofarnesio.com.br\\\/?p=100549\",\"url\":\"https:\\\/\\\/blogdofarnesio.com.br\\\/?p=100549\",\"name\":\"GRUPO DE APOIO \u00c0 EXPORTA\u00c7\u00c3O NO VALE DO S\u00c3O FRANCISCO SER\u00c1 CRIADO NO 10\u00ba SECOMEX DA FACAPE - Blog do Farn\u00e9sio\",\"isPartOf\":{\"@id\":\"https:\\\/\\\/blogdofarnesio.com.br\\\/#website\"},\"primaryImageOfPage\":{\"@id\":\"https:\\\/\\\/blogdofarnesio.com.br\\\/?p=100549#primaryimage\"},\"image\":{\"@id\":\"https:\\\/\\\/blogdofarnesio.com.br\\\/?p=100549#primaryimage\"},\"thumbnailUrl\":\"http:\\\/\\\/www.quersaberpolitica.com.br\\\/2016\\\/wp-content\\\/uploads\\\/2014\\\/09\\\/blogqspsecomex.jpg\",\"datePublished\":\"2014-10-01T11:04:10+00:00\",\"breadcrumb\":{\"@id\":\"https:\\\/\\\/blogdofarnesio.com.br\\\/?p=100549#breadcrumb\"},\"inLanguage\":\"pt-BR\",\"potentialAction\":[{\"@type\":\"ReadAction\",\"target\":[\"https:\\\/\\\/blogdofarnesio.com.br\\\/?p=100549\"]}]},{\"@type\":\"ImageObject\",\"inLanguage\":\"pt-BR\",\"@id\":\"https:\\\/\\\/blogdofarnesio.com.br\\\/?p=100549#primaryimage\",\"url\":\"http:\\\/\\\/www.quersaberpolitica.com.br\\\/2016\\\/wp-content\\\/uploads\\\/2014\\\/09\\\/blogqspsecomex.jpg\",\"contentUrl\":\"http:\\\/\\\/www.quersaberpolitica.com.br\\\/2016\\\/wp-content\\\/uploads\\\/2014\\\/09\\\/blogqspsecomex.jpg\"},{\"@type\":\"BreadcrumbList\",\"@id\":\"https:\\\/\\\/blogdofarnesio.com.br\\\/?p=100549#breadcrumb\",\"itemListElement\":[{\"@type\":\"ListItem\",\"position\":1,\"name\":\"In\u00edcio\",\"item\":\"https:\\\/\\\/blogdofarnesio.com.br\\\/\"},{\"@type\":\"ListItem\",\"position\":2,\"name\":\"GRUPO DE APOIO \u00c0 EXPORTA\u00c7\u00c3O NO VALE DO S\u00c3O FRANCISCO SER\u00c1 CRIADO NO 10\u00ba SECOMEX DA FACAPE\"}]},{\"@type\":\"WebSite\",\"@id\":\"https:\\\/\\\/blogdofarnesio.com.br\\\/#website\",\"url\":\"https:\\\/\\\/blogdofarnesio.com.br\\\/\",\"name\":\"Blog do Farn\u00e9sio\",\"description\":\"Quer Saber Pol\u00edtica?\",\"publisher\":{\"@id\":\"https:\\\/\\\/blogdofarnesio.com.br\\\/#organization\"},\"potentialAction\":[{\"@type\":\"SearchAction\",\"target\":{\"@type\":\"EntryPoint\",\"urlTemplate\":\"https:\\\/\\\/blogdofarnesio.com.br\\\/?s={search_term_string}\"},\"query-input\":{\"@type\":\"PropertyValueSpecification\",\"valueRequired\":true,\"valueName\":\"search_term_string\"}}],\"inLanguage\":\"pt-BR\"},{\"@type\":\"Organization\",\"@id\":\"https:\\\/\\\/blogdofarnesio.com.br\\\/#organization\",\"name\":\"Blog do Farn\u00e9sio\",\"url\":\"https:\\\/\\\/blogdofarnesio.com.br\\\/\",\"logo\":{\"@type\":\"ImageObject\",\"inLanguage\":\"pt-BR\",\"@id\":\"https:\\\/\\\/blogdofarnesio.com.br\\\/#\\\/schema\\\/logo\\\/image\\\/\",\"url\":\"https:\\\/\\\/blogdofarnesio.com.br\\\/wp-content\\\/uploads\\\/2026\\\/03\\\/cropped-logo_new-1.png\",\"contentUrl\":\"https:\\\/\\\/blogdofarnesio.com.br\\\/wp-content\\\/uploads\\\/2026\\\/03\\\/cropped-logo_new-1.png\",\"width\":881,\"height\":685,\"caption\":\"Blog do Farn\u00e9sio\"},\"image\":{\"@id\":\"https:\\\/\\\/blogdofarnesio.com.br\\\/#\\\/schema\\\/logo\\\/image\\\/\"},\"sameAs\":[\"https:\\\/\\\/www.facebook.com\\\/BlogQuerSaberPolitica\\\/\"]},{\"@type\":\"Person\",\"@id\":\"https:\\\/\\\/blogdofarnesio.com.br\\\/#\\\/schema\\\/person\\\/dd1bf5eba40b687199ba45ca6b97dff9\",\"name\":\"teste\",\"image\":{\"@type\":\"ImageObject\",\"inLanguage\":\"pt-BR\",\"@id\":\"https:\\\/\\\/secure.gravatar.com\\\/avatar\\\/2172498d4914b51e1d89a0f97957b035ac4938723a5cac208135d389b6972a6d?s=96&d=mm&r=g\",\"url\":\"https:\\\/\\\/secure.gravatar.com\\\/avatar\\\/2172498d4914b51e1d89a0f97957b035ac4938723a5cac208135d389b6972a6d?s=96&d=mm&r=g\",\"contentUrl\":\"https:\\\/\\\/secure.gravatar.com\\\/avatar\\\/2172498d4914b51e1d89a0f97957b035ac4938723a5cac208135d389b6972a6d?s=96&d=mm&r=g\",\"caption\":\"teste\"},\"url\":\"https:\\\/\\\/blogdofarnesio.com.br\\\/?author=3\"}]}<\/script>\n<!-- \/ Yoast SEO plugin. -->","yoast_head_json":{"title":"GRUPO DE APOIO \u00c0 EXPORTA\u00c7\u00c3O NO VALE DO S\u00c3O FRANCISCO SER\u00c1 CRIADO NO 10\u00ba SECOMEX DA FACAPE - Blog do Farn\u00e9sio","robots":{"index":"index","follow":"follow","max-snippet":"max-snippet:-1","max-image-preview":"max-image-preview:large","max-video-preview":"max-video-preview:-1"},"canonical":"https:\/\/blogdofarnesio.com.br\/?p=100549","og_locale":"pt_BR","og_type":"article","og_title":"GRUPO DE APOIO \u00c0 EXPORTA\u00c7\u00c3O NO VALE DO S\u00c3O FRANCISCO SER\u00c1 CRIADO NO 10\u00ba SECOMEX DA FACAPE - Blog do Farn\u00e9sio","og_description":"Est\u00e3o abertas as inscri\u00e7\u00f5es para o 10\u00ba Semin\u00e1rio de Com\u00e9rcio Exterior (Secomex) da Faculdade de Ci\u00eancias Aplicadas e Sociais de Petrolina (Facape). Este ano, o evento faz parte da programa\u00e7\u00e3o da Semana Universit\u00e1ria 2014 e ser\u00e1 realizado nestes dias 1\u00ba e 2 de outubro. O semin\u00e1rio contar\u00e1 com a participa\u00e7\u00e3o de representantes da Ag\u00eancia de Desenvolvimento Econ\u00f4mico do Estado de Pernambuco (AD Diper), Banco do Brasil e Sebrae. Na programa\u00e7\u00e3o, h\u00e1 visita t\u00e9cnica a empresas, minicursos e palestras com profissionais renomados da \u00e1rea. Na oportunidade, os representantes da \u00e1rea de Com\u00e9rcio Exterior das institui\u00e7\u00f5es envolvidas se reunir\u00e3o no sentido de criar um grupo de apoio ao desenvolvimento da cultura exportadora no Vale do S\u00e3o Francisco. Segundo o coordenador do curso&hellip;","og_url":"https:\/\/blogdofarnesio.com.br\/?p=100549","og_site_name":"Blog do Farn\u00e9sio","article_publisher":"https:\/\/www.facebook.com\/BlogQuerSaberPolitica\/","article_published_time":"2014-10-01T11:04:10+00:00","og_image":[{"url":"http:\/\/www.quersaberpolitica.com.br\/2016\/wp-content\/uploads\/2014\/09\/blogqspsecomex.jpg","type":"","width":"","height":""}],"author":"teste","twitter_card":"summary_large_image","twitter_misc":{"Escrito por":"teste","Est. tempo de leitura":"1 minuto"},"schema":{"@context":"https:\/\/schema.org","@graph":[{"@type":"Article","@id":"https:\/\/blogdofarnesio.com.br\/?p=100549#article","isPartOf":{"@id":"https:\/\/blogdofarnesio.com.br\/?p=100549"},"author":{"name":"teste","@id":"https:\/\/blogdofarnesio.com.br\/#\/schema\/person\/dd1bf5eba40b687199ba45ca6b97dff9"},"headline":"GRUPO DE APOIO \u00c0 EXPORTA\u00c7\u00c3O NO VALE DO S\u00c3O FRANCISCO SER\u00c1 CRIADO NO 10\u00ba SECOMEX DA FACAPE","datePublished":"2014-10-01T11:04:10+00:00","mainEntityOfPage":{"@id":"https:\/\/blogdofarnesio.com.br\/?p=100549"},"wordCount":239,"commentCount":0,"publisher":{"@id":"https:\/\/blogdofarnesio.com.br\/#organization"},"image":{"@id":"https:\/\/blogdofarnesio.com.br\/?p=100549#primaryimage"},"thumbnailUrl":"http:\/\/www.quersaberpolitica.com.br\/2016\/wp-content\/uploads\/2014\/09\/blogqspsecomex.jpg","articleSection":["Economia"],"inLanguage":"pt-BR","potentialAction":[{"@type":"CommentAction","name":"Comment","target":["https:\/\/blogdofarnesio.com.br\/?p=100549#respond"]}]},{"@type":"WebPage","@id":"https:\/\/blogdofarnesio.com.br\/?p=100549","url":"https:\/\/blogdofarnesio.com.br\/?p=100549","name":"GRUPO DE APOIO \u00c0 EXPORTA\u00c7\u00c3O NO VALE DO S\u00c3O FRANCISCO SER\u00c1 CRIADO NO 10\u00ba SECOMEX DA FACAPE - Blog do Farn\u00e9sio","isPartOf":{"@id":"https:\/\/blogdofarnesio.com.br\/#website"},"primaryImageOfPage":{"@id":"https:\/\/blogdofarnesio.com.br\/?p=100549#primaryimage"},"image":{"@id":"https:\/\/blogdofarnesio.com.br\/?p=100549#primaryimage"},"thumbnailUrl":"http:\/\/www.quersaberpolitica.com.br\/2016\/wp-content\/uploads\/2014\/09\/blogqspsecomex.jpg","datePublished":"2014-10-01T11:04:10+00:00","breadcrumb":{"@id":"https:\/\/blogdofarnesio.com.br\/?p=100549#breadcrumb"},"inLanguage":"pt-BR","potentialAction":[{"@type":"ReadAction","target":["https:\/\/blogdofarnesio.com.br\/?p=100549"]}]},{"@type":"ImageObject","inLanguage":"pt-BR","@id":"https:\/\/blogdofarnesio.com.br\/?p=100549#primaryimage","url":"http:\/\/www.quersaberpolitica.com.br\/2016\/wp-content\/uploads\/2014\/09\/blogqspsecomex.jpg","contentUrl":"http:\/\/www.quersaberpolitica.com.br\/2016\/wp-content\/uploads\/2014\/09\/blogqspsecomex.jpg"},{"@type":"BreadcrumbList","@id":"https:\/\/blogdofarnesio.com.br\/?p=100549#breadcrumb","itemListElement":[{"@type":"ListItem","position":1,"name":"In\u00edcio","item":"https:\/\/blogdofarnesio.com.br\/"},{"@type":"ListItem","position":2,"name":"GRUPO DE APOIO \u00c0 EXPORTA\u00c7\u00c3O NO VALE DO S\u00c3O FRANCISCO SER\u00c1 CRIADO NO 10\u00ba SECOMEX DA FACAPE"}]},{"@type":"WebSite","@id":"https:\/\/blogdofarnesio.com.br\/#website","url":"https:\/\/blogdofarnesio.com.br\/","name":"Blog do Farn\u00e9sio","description":"Quer Saber Pol\u00edtica?","publisher":{"@id":"https:\/\/blogdofarnesio.com.br\/#organization"},"potentialAction":[{"@type":"SearchAction","target":{"@type":"EntryPoint","urlTemplate":"https:\/\/blogdofarnesio.com.br\/?s={search_term_string}"},"query-input":{"@type":"PropertyValueSpecification","valueRequired":true,"valueName":"search_term_string"}}],"inLanguage":"pt-BR"},{"@type":"Organization","@id":"https:\/\/blogdofarnesio.com.br\/#organization","name":"Blog do Farn\u00e9sio","url":"https:\/\/blogdofarnesio.com.br\/","logo":{"@type":"ImageObject","inLanguage":"pt-BR","@id":"https:\/\/blogdofarnesio.com.br\/#\/schema\/logo\/image\/","url":"https:\/\/blogdofarnesio.com.br\/wp-content\/uploads\/2026\/03\/cropped-logo_new-1.png","contentUrl":"https:\/\/blogdofarnesio.com.br\/wp-content\/uploads\/2026\/03\/cropped-logo_new-1.png","width":881,"height":685,"caption":"Blog do Farn\u00e9sio"},"image":{"@id":"https:\/\/blogdofarnesio.com.br\/#\/schema\/logo\/image\/"},"sameAs":["https:\/\/www.facebook.com\/BlogQuerSaberPolitica\/"]},{"@type":"Person","@id":"https:\/\/blogdofarnesio.com.br\/#\/schema\/person\/dd1bf5eba40b687199ba45ca6b97dff9","name":"teste","image":{"@type":"ImageObject","inLanguage":"pt-BR","@id":"https:\/\/secure.gravatar.com\/avatar\/2172498d4914b51e1d89a0f97957b035ac4938723a5cac208135d389b6972a6d?s=96&d=mm&r=g","url":"https:\/\/secure.gravatar.com\/avatar\/2172498d4914b51e1d89a0f97957b035ac4938723a5cac208135d389b6972a6d?s=96&d=mm&r=g","contentUrl":"https:\/\/secure.gravatar.com\/avatar\/2172498d4914b51e1d89a0f97957b035ac4938723a5cac208135d389b6972a6d?s=96&d=mm&r=g","caption":"teste"},"url":"https:\/\/blogdofarnesio.com.br\/?author=3"}]}},"_links":{"self":[{"href":"https:\/\/blogdofarnesio.com.br\/index.php?rest_route=\/wp\/v2\/posts\/100549","targetHints":{"allow":["GET"]}}],"collection":[{"href":"https:\/\/blogdofarnesio.com.br\/index.php?rest_route=\/wp\/v2\/posts"}],"about":[{"href":"https:\/\/blogdofarnesio.com.br\/index.php?rest_route=\/wp\/v2\/types\/post"}],"author":[{"embeddable":true,"href":"https:\/\/blogdofarnesio.com.br\/index.php?rest_route=\/wp\/v2\/users\/3"}],"replies":[{"embeddable":true,"href":"https:\/\/blogdofarnesio.com.br\/index.php?rest_route=%2Fwp%2Fv2%2Fcomments&post=100549"}],"version-history":[{"count":0,"href":"https:\/\/blogdofarnesio.com.br\/index.php?rest_route=\/wp\/v2\/posts\/100549\/revisions"}],"wp:attachment":[{"href":"https:\/\/blogdofarnesio.com.br\/index.php?rest_route=%2Fwp%2Fv2%2Fmedia&parent=100549"}],"wp:term":[{"taxonomy":"category","embeddable":true,"href":"https:\/\/blogdofarnesio.com.br\/index.php?rest_route=%2Fwp%2Fv2%2Fcategories&post=100549"},{"taxonomy":"post_tag","embeddable":true,"href":"https:\/\/blogdofarnesio.com.br\/index.php?rest_route=%2Fwp%2Fv2%2Ftags&post=100549"}],"curies":[{"name":"wp","href":"https:\/\/api.w.org\/{rel}","templated":true}]}}