{"id":100501,"date":"2014-09-26T11:34:38","date_gmt":"2014-09-26T14:34:38","guid":{"rendered":"http:\/\/www.quersaberpolitica.com.br\/?p=100501"},"modified":"2014-09-26T09:45:27","modified_gmt":"2014-09-26T12:45:27","slug":"programa-de-seguranca-alimentar-dos-rebanhos-sera-apresentado-nesta-sexta-feira-26-para-agricultores-familiares-de-juazeiro","status":"publish","type":"post","link":"https:\/\/blogdofarnesio.com.br\/?p=100501","title":{"rendered":"PROGRAMA DE SEGURAN\u00c7A ALIMENTAR DOS REBANHOS SER\u00c1 APRESENTADO NESTA SEXTA-FEIRA (26) PARA AGRICULTORES FAMILIARES DE JUAZEIRO"},"content":{"rendered":"<p style=\"text-align: justify\"><a href=\"http:\/\/www.quersaberpolitica.com.br\/2016\/wp-content\/uploads\/2014\/09\/unnamed474.jpg\"><img loading=\"lazy\" decoding=\"async\" class=\"aligncenter size-medium wp-image-100502\" alt=\"unnamed\" src=\"http:\/\/www.quersaberpolitica.com.br\/2016\/wp-content\/uploads\/2014\/09\/unnamed474-300x224.jpg\" width=\"300\" height=\"224\" srcset=\"https:\/\/blogdofarnesio.com.br\/wp-content\/uploads\/2014\/09\/unnamed474-300x224.jpg 300w, https:\/\/blogdofarnesio.com.br\/wp-content\/uploads\/2014\/09\/unnamed474.jpg 307w\" sizes=\"auto, (max-width: 300px) 100vw, 300px\" \/><\/a>Com o objetivo de divulgar a import\u00e2ncia da palma forrageira para alimenta\u00e7\u00e3o animal e possibilitar aos agricultores familiares acesso \u00e0s mudas de palma; a Empresa Baiana de Desenvolvimento Agr\u00edcola (EBDA), a Secretaria de Agricultura, Pecu\u00e1ria e Abastecimento (SEAPA) e o Sindicato dos Trabalhadores Rurais de Juazeiro ir\u00e3o realizar na manh\u00e3 desta sexta-feira (26), no audit\u00f3rio da C\u00e2mara Municipal de Vereadores, a apresenta\u00e7\u00e3o do Programa de Seguran\u00e7a Alimentar dos Rebanhos.<\/p>\n<p style=\"text-align: justify\">Na ocasi\u00e3o ser\u00e3o distribu\u00eddas mudas de palma resistente \u00e0 cochonilha do carmim para 100 (cem) agricultores familiares presentes. Essa distribui\u00e7\u00e3o que integra o programa de seguran\u00e7a alimentar, pretende possibilitar a distribui\u00e7\u00e3o de 2,5 milh\u00f5es de mudas para agricultores familiares de 22 munic\u00edpios baianos, que por sua vez fazem parte da ger\u00eancia regional de Juazeiro.<!--more--><\/p>\n<p style=\"text-align: justify\">\u201cA nossa ger\u00eancia foi contemplada com a esta\u00e7\u00e3o experimental de Pilar \u2013 munic\u00edpio de Jaguarari, esta\u00e7\u00e3o essa que ir\u00e1 fornecer as raquetes de palma aos agricultores familiares desses munic\u00edpios\u201d, explicou Osvaldo Lopes Ribeiro J\u00fanior, gerente regional da EBDA em Juazeiro. A previs\u00e3o \u00e9 que a Esta\u00e7\u00e3o Experimental de Pilar entregue aos munic\u00edpios mais de 2,5 milh\u00f5es de raquetes de palma mi\u00fada. Juazeiro receber\u00e1 100.000 mudas, contemplando por sua vez 100 (cem) agricultores familiares com 1000 (mil) mudas para cada. Num prazo de 12 meses o produtor beneficiado dever\u00e1 repassar mil mudas a outro agricultor familiar, ampliando cada vez mais o programa.<\/p>\n<p style=\"text-align: justify\">De acordo com Rodrigo Bonfim, chefe da Esta\u00e7\u00e3o Experimental da EBDA em Pilar a distribui\u00e7\u00e3o das mudas de palma ajuda a resolver significativamente os problemas enfrentados pelos agricultores durante a estiagem. \u201cPara a conviv\u00eancia com o semi\u00e1rido, o agricultor necessita plantar reservas estrat\u00e9gicas e a palma tem sido a melhor op\u00e7\u00e3o para a alimenta\u00e7\u00e3o animal. As mudas plantadas proporcionam qualidade fitossanit\u00e1ria aos nossos agricultores familiares por serem resistentes \u00e0 cochonilha do carmim\u201d, afirmou.<\/p>\n<p style=\"text-align: justify\">A distribui\u00e7\u00e3o das mudas de palma est\u00e1 sendo articulada entre a EBDA, Prefeitura, Sindicato dos Trabalhadores Rurais e sociedade civil atrav\u00e9s de mobiliza\u00e7\u00e3o nos munic\u00edpios que sediam as esta\u00e7\u00f5es experimentais onde foram plantadas as mudas. O objetivo da mobiliza\u00e7\u00e3o \u00e9 de firmar parcerias para assegurar a colheita, o transporte e a entrega das mudas de palma forrageira aos agricultores familiares.<\/p>\n<p style=\"text-align: justify\">Para o secret\u00e1rio de Agricultura, Pecu\u00e1ria e Abastecimento de Juazeiro, Jorge Cerqueira essa \u00e9 mais uma oportunidade de proporcionar aos agricultores familiares acesso a alimenta\u00e7\u00e3o de qualidade para os seus rebanhos. \u201cDevido \u00e0 escassez da palma forrageira para alimenta\u00e7\u00e3o animal em nossa regi\u00e3o, a mobiliza\u00e7\u00e3o do programa ir\u00e1 oportunizar para os agricultores familiares o acesso \u00e0s mudas. A prefeitura atrav\u00e9s da secretaria de Agricultura est\u00e1 focada em apoiar e realizar a\u00e7\u00f5es que possibilitem o desenvolvimento e melhorias para o homem do campo\u201d, declarou.<\/p>\n","protected":false},"excerpt":{"rendered":"<p>Com o objetivo de divulgar a import\u00e2ncia da palma forrageira para alimenta\u00e7\u00e3o animal e possibilitar aos agricultores familiares acesso \u00e0s mudas de palma; a Empresa Baiana de Desenvolvimento Agr\u00edcola (EBDA), a Secretaria de Agricultura, Pecu\u00e1ria e Abastecimento (SEAPA) e o Sindicato dos Trabalhadores Rurais de Juazeiro ir\u00e3o realizar na manh\u00e3 desta sexta-feira (26), no audit\u00f3rio da C\u00e2mara Municipal de Vereadores, a apresenta\u00e7\u00e3o do Programa de Seguran\u00e7a Alimentar dos Rebanhos. Na ocasi\u00e3o ser\u00e3o distribu\u00eddas mudas de palma resistente \u00e0 cochonilha do carmim para 100 (cem) agricultores familiares presentes. Essa distribui\u00e7\u00e3o que integra o programa de seguran\u00e7a alimentar, pretende possibilitar a distribui\u00e7\u00e3o de 2,5 milh\u00f5es de mudas para agricultores familiares de 22 munic\u00edpios baianos, que por sua vez fazem parte da ger\u00eancia&hellip; <\/p>\n","protected":false},"author":3,"featured_media":0,"comment_status":"open","ping_status":"open","sticky":false,"template":"","format":"standard","meta":{"_acf_changed":false,"footnotes":""},"categories":[22],"tags":[],"class_list":["post-100501","post","type-post","status-publish","format-standard","hentry","category-acao-social"],"acf":[],"yoast_head":"<!-- This site is optimized with the Yoast SEO plugin v27.4 - https:\/\/yoast.com\/product\/yoast-seo-wordpress\/ -->\n<title>PROGRAMA DE SEGURAN\u00c7A ALIMENTAR DOS REBANHOS SER\u00c1 APRESENTADO NESTA SEXTA-FEIRA (26) PARA AGRICULTORES FAMILIARES DE JUAZEIRO - Blog do Farn\u00e9sio<\/title>\n<meta name=\"robots\" content=\"index, follow, max-snippet:-1, max-image-preview:large, max-video-preview:-1\" \/>\n<link rel=\"canonical\" href=\"https:\/\/blogdofarnesio.com.br\/?p=100501\" \/>\n<meta property=\"og:locale\" content=\"pt_BR\" \/>\n<meta property=\"og:type\" content=\"article\" \/>\n<meta property=\"og:title\" content=\"PROGRAMA DE SEGURAN\u00c7A ALIMENTAR DOS REBANHOS SER\u00c1 APRESENTADO NESTA SEXTA-FEIRA (26) PARA AGRICULTORES FAMILIARES DE JUAZEIRO - Blog do Farn\u00e9sio\" \/>\n<meta property=\"og:description\" content=\"Com o objetivo de divulgar a import\u00e2ncia da palma forrageira para alimenta\u00e7\u00e3o animal e possibilitar aos agricultores familiares acesso \u00e0s mudas de palma; a Empresa Baiana de Desenvolvimento Agr\u00edcola (EBDA), a Secretaria de Agricultura, Pecu\u00e1ria e Abastecimento (SEAPA) e o Sindicato dos Trabalhadores Rurais de Juazeiro ir\u00e3o realizar na manh\u00e3 desta sexta-feira (26), no audit\u00f3rio da C\u00e2mara Municipal de Vereadores, a apresenta\u00e7\u00e3o do Programa de Seguran\u00e7a Alimentar dos Rebanhos. Na ocasi\u00e3o ser\u00e3o distribu\u00eddas mudas de palma resistente \u00e0 cochonilha do carmim para 100 (cem) agricultores familiares presentes. Essa distribui\u00e7\u00e3o que integra o programa de seguran\u00e7a alimentar, pretende possibilitar a distribui\u00e7\u00e3o de 2,5 milh\u00f5es de mudas para agricultores familiares de 22 munic\u00edpios baianos, que por sua vez fazem parte da ger\u00eancia&hellip;\" \/>\n<meta property=\"og:url\" content=\"https:\/\/blogdofarnesio.com.br\/?p=100501\" \/>\n<meta property=\"og:site_name\" content=\"Blog do Farn\u00e9sio\" \/>\n<meta property=\"article:publisher\" content=\"https:\/\/www.facebook.com\/BlogQuerSaberPolitica\/\" \/>\n<meta property=\"article:published_time\" content=\"2014-09-26T14:34:38+00:00\" \/>\n<meta property=\"og:image\" content=\"http:\/\/www.quersaberpolitica.com.br\/2016\/wp-content\/uploads\/2014\/09\/unnamed474-300x224.jpg\" \/>\n<meta name=\"author\" content=\"teste\" \/>\n<meta name=\"twitter:card\" content=\"summary_large_image\" \/>\n<meta name=\"twitter:label1\" content=\"Escrito por\" \/>\n\t<meta name=\"twitter:data1\" content=\"teste\" \/>\n\t<meta name=\"twitter:label2\" content=\"Est. tempo de leitura\" \/>\n\t<meta name=\"twitter:data2\" content=\"2 minutos\" \/>\n<script type=\"application\/ld+json\" class=\"yoast-schema-graph\">{\"@context\":\"https:\\\/\\\/schema.org\",\"@graph\":[{\"@type\":\"Article\",\"@id\":\"https:\\\/\\\/blogdofarnesio.com.br\\\/?p=100501#article\",\"isPartOf\":{\"@id\":\"https:\\\/\\\/blogdofarnesio.com.br\\\/?p=100501\"},\"author\":{\"name\":\"teste\",\"@id\":\"https:\\\/\\\/blogdofarnesio.com.br\\\/#\\\/schema\\\/person\\\/dd1bf5eba40b687199ba45ca6b97dff9\"},\"headline\":\"PROGRAMA DE SEGURAN\u00c7A ALIMENTAR DOS REBANHOS SER\u00c1 APRESENTADO NESTA SEXTA-FEIRA (26) PARA AGRICULTORES FAMILIARES DE JUAZEIRO\",\"datePublished\":\"2014-09-26T14:34:38+00:00\",\"mainEntityOfPage\":{\"@id\":\"https:\\\/\\\/blogdofarnesio.com.br\\\/?p=100501\"},\"wordCount\":491,\"commentCount\":0,\"publisher\":{\"@id\":\"https:\\\/\\\/blogdofarnesio.com.br\\\/#organization\"},\"image\":{\"@id\":\"https:\\\/\\\/blogdofarnesio.com.br\\\/?p=100501#primaryimage\"},\"thumbnailUrl\":\"http:\\\/\\\/www.quersaberpolitica.com.br\\\/2016\\\/wp-content\\\/uploads\\\/2014\\\/09\\\/unnamed474-300x224.jpg\",\"articleSection\":[\"A\u00e7\u00e3o Social\"],\"inLanguage\":\"pt-BR\",\"potentialAction\":[{\"@type\":\"CommentAction\",\"name\":\"Comment\",\"target\":[\"https:\\\/\\\/blogdofarnesio.com.br\\\/?p=100501#respond\"]}]},{\"@type\":\"WebPage\",\"@id\":\"https:\\\/\\\/blogdofarnesio.com.br\\\/?p=100501\",\"url\":\"https:\\\/\\\/blogdofarnesio.com.br\\\/?p=100501\",\"name\":\"PROGRAMA DE SEGURAN\u00c7A ALIMENTAR DOS REBANHOS SER\u00c1 APRESENTADO NESTA SEXTA-FEIRA (26) PARA AGRICULTORES FAMILIARES DE JUAZEIRO - Blog do Farn\u00e9sio\",\"isPartOf\":{\"@id\":\"https:\\\/\\\/blogdofarnesio.com.br\\\/#website\"},\"primaryImageOfPage\":{\"@id\":\"https:\\\/\\\/blogdofarnesio.com.br\\\/?p=100501#primaryimage\"},\"image\":{\"@id\":\"https:\\\/\\\/blogdofarnesio.com.br\\\/?p=100501#primaryimage\"},\"thumbnailUrl\":\"http:\\\/\\\/www.quersaberpolitica.com.br\\\/2016\\\/wp-content\\\/uploads\\\/2014\\\/09\\\/unnamed474-300x224.jpg\",\"datePublished\":\"2014-09-26T14:34:38+00:00\",\"breadcrumb\":{\"@id\":\"https:\\\/\\\/blogdofarnesio.com.br\\\/?p=100501#breadcrumb\"},\"inLanguage\":\"pt-BR\",\"potentialAction\":[{\"@type\":\"ReadAction\",\"target\":[\"https:\\\/\\\/blogdofarnesio.com.br\\\/?p=100501\"]}]},{\"@type\":\"ImageObject\",\"inLanguage\":\"pt-BR\",\"@id\":\"https:\\\/\\\/blogdofarnesio.com.br\\\/?p=100501#primaryimage\",\"url\":\"http:\\\/\\\/www.quersaberpolitica.com.br\\\/2016\\\/wp-content\\\/uploads\\\/2014\\\/09\\\/unnamed474-300x224.jpg\",\"contentUrl\":\"http:\\\/\\\/www.quersaberpolitica.com.br\\\/2016\\\/wp-content\\\/uploads\\\/2014\\\/09\\\/unnamed474-300x224.jpg\"},{\"@type\":\"BreadcrumbList\",\"@id\":\"https:\\\/\\\/blogdofarnesio.com.br\\\/?p=100501#breadcrumb\",\"itemListElement\":[{\"@type\":\"ListItem\",\"position\":1,\"name\":\"In\u00edcio\",\"item\":\"https:\\\/\\\/blogdofarnesio.com.br\\\/\"},{\"@type\":\"ListItem\",\"position\":2,\"name\":\"PROGRAMA DE SEGURAN\u00c7A ALIMENTAR DOS REBANHOS SER\u00c1 APRESENTADO NESTA SEXTA-FEIRA (26) PARA AGRICULTORES FAMILIARES DE JUAZEIRO\"}]},{\"@type\":\"WebSite\",\"@id\":\"https:\\\/\\\/blogdofarnesio.com.br\\\/#website\",\"url\":\"https:\\\/\\\/blogdofarnesio.com.br\\\/\",\"name\":\"Blog do Farn\u00e9sio\",\"description\":\"Quer Saber Pol\u00edtica?\",\"publisher\":{\"@id\":\"https:\\\/\\\/blogdofarnesio.com.br\\\/#organization\"},\"potentialAction\":[{\"@type\":\"SearchAction\",\"target\":{\"@type\":\"EntryPoint\",\"urlTemplate\":\"https:\\\/\\\/blogdofarnesio.com.br\\\/?s={search_term_string}\"},\"query-input\":{\"@type\":\"PropertyValueSpecification\",\"valueRequired\":true,\"valueName\":\"search_term_string\"}}],\"inLanguage\":\"pt-BR\"},{\"@type\":\"Organization\",\"@id\":\"https:\\\/\\\/blogdofarnesio.com.br\\\/#organization\",\"name\":\"Blog do Farn\u00e9sio\",\"url\":\"https:\\\/\\\/blogdofarnesio.com.br\\\/\",\"logo\":{\"@type\":\"ImageObject\",\"inLanguage\":\"pt-BR\",\"@id\":\"https:\\\/\\\/blogdofarnesio.com.br\\\/#\\\/schema\\\/logo\\\/image\\\/\",\"url\":\"https:\\\/\\\/blogdofarnesio.com.br\\\/wp-content\\\/uploads\\\/2026\\\/03\\\/cropped-logo_new-1.png\",\"contentUrl\":\"https:\\\/\\\/blogdofarnesio.com.br\\\/wp-content\\\/uploads\\\/2026\\\/03\\\/cropped-logo_new-1.png\",\"width\":881,\"height\":685,\"caption\":\"Blog do Farn\u00e9sio\"},\"image\":{\"@id\":\"https:\\\/\\\/blogdofarnesio.com.br\\\/#\\\/schema\\\/logo\\\/image\\\/\"},\"sameAs\":[\"https:\\\/\\\/www.facebook.com\\\/BlogQuerSaberPolitica\\\/\"]},{\"@type\":\"Person\",\"@id\":\"https:\\\/\\\/blogdofarnesio.com.br\\\/#\\\/schema\\\/person\\\/dd1bf5eba40b687199ba45ca6b97dff9\",\"name\":\"teste\",\"image\":{\"@type\":\"ImageObject\",\"inLanguage\":\"pt-BR\",\"@id\":\"https:\\\/\\\/secure.gravatar.com\\\/avatar\\\/2172498d4914b51e1d89a0f97957b035ac4938723a5cac208135d389b6972a6d?s=96&d=mm&r=g\",\"url\":\"https:\\\/\\\/secure.gravatar.com\\\/avatar\\\/2172498d4914b51e1d89a0f97957b035ac4938723a5cac208135d389b6972a6d?s=96&d=mm&r=g\",\"contentUrl\":\"https:\\\/\\\/secure.gravatar.com\\\/avatar\\\/2172498d4914b51e1d89a0f97957b035ac4938723a5cac208135d389b6972a6d?s=96&d=mm&r=g\",\"caption\":\"teste\"},\"url\":\"https:\\\/\\\/blogdofarnesio.com.br\\\/?author=3\"}]}<\/script>\n<!-- \/ Yoast SEO plugin. -->","yoast_head_json":{"title":"PROGRAMA DE SEGURAN\u00c7A ALIMENTAR DOS REBANHOS SER\u00c1 APRESENTADO NESTA SEXTA-FEIRA (26) PARA AGRICULTORES FAMILIARES DE JUAZEIRO - Blog do Farn\u00e9sio","robots":{"index":"index","follow":"follow","max-snippet":"max-snippet:-1","max-image-preview":"max-image-preview:large","max-video-preview":"max-video-preview:-1"},"canonical":"https:\/\/blogdofarnesio.com.br\/?p=100501","og_locale":"pt_BR","og_type":"article","og_title":"PROGRAMA DE SEGURAN\u00c7A ALIMENTAR DOS REBANHOS SER\u00c1 APRESENTADO NESTA SEXTA-FEIRA (26) PARA AGRICULTORES FAMILIARES DE JUAZEIRO - Blog do Farn\u00e9sio","og_description":"Com o objetivo de divulgar a import\u00e2ncia da palma forrageira para alimenta\u00e7\u00e3o animal e possibilitar aos agricultores familiares acesso \u00e0s mudas de palma; a Empresa Baiana de Desenvolvimento Agr\u00edcola (EBDA), a Secretaria de Agricultura, Pecu\u00e1ria e Abastecimento (SEAPA) e o Sindicato dos Trabalhadores Rurais de Juazeiro ir\u00e3o realizar na manh\u00e3 desta sexta-feira (26), no audit\u00f3rio da C\u00e2mara Municipal de Vereadores, a apresenta\u00e7\u00e3o do Programa de Seguran\u00e7a Alimentar dos Rebanhos. Na ocasi\u00e3o ser\u00e3o distribu\u00eddas mudas de palma resistente \u00e0 cochonilha do carmim para 100 (cem) agricultores familiares presentes. Essa distribui\u00e7\u00e3o que integra o programa de seguran\u00e7a alimentar, pretende possibilitar a distribui\u00e7\u00e3o de 2,5 milh\u00f5es de mudas para agricultores familiares de 22 munic\u00edpios baianos, que por sua vez fazem parte da ger\u00eancia&hellip;","og_url":"https:\/\/blogdofarnesio.com.br\/?p=100501","og_site_name":"Blog do Farn\u00e9sio","article_publisher":"https:\/\/www.facebook.com\/BlogQuerSaberPolitica\/","article_published_time":"2014-09-26T14:34:38+00:00","og_image":[{"url":"http:\/\/www.quersaberpolitica.com.br\/2016\/wp-content\/uploads\/2014\/09\/unnamed474-300x224.jpg","type":"","width":"","height":""}],"author":"teste","twitter_card":"summary_large_image","twitter_misc":{"Escrito por":"teste","Est. tempo de leitura":"2 minutos"},"schema":{"@context":"https:\/\/schema.org","@graph":[{"@type":"Article","@id":"https:\/\/blogdofarnesio.com.br\/?p=100501#article","isPartOf":{"@id":"https:\/\/blogdofarnesio.com.br\/?p=100501"},"author":{"name":"teste","@id":"https:\/\/blogdofarnesio.com.br\/#\/schema\/person\/dd1bf5eba40b687199ba45ca6b97dff9"},"headline":"PROGRAMA DE SEGURAN\u00c7A ALIMENTAR DOS REBANHOS SER\u00c1 APRESENTADO NESTA SEXTA-FEIRA (26) PARA AGRICULTORES FAMILIARES DE JUAZEIRO","datePublished":"2014-09-26T14:34:38+00:00","mainEntityOfPage":{"@id":"https:\/\/blogdofarnesio.com.br\/?p=100501"},"wordCount":491,"commentCount":0,"publisher":{"@id":"https:\/\/blogdofarnesio.com.br\/#organization"},"image":{"@id":"https:\/\/blogdofarnesio.com.br\/?p=100501#primaryimage"},"thumbnailUrl":"http:\/\/www.quersaberpolitica.com.br\/2016\/wp-content\/uploads\/2014\/09\/unnamed474-300x224.jpg","articleSection":["A\u00e7\u00e3o Social"],"inLanguage":"pt-BR","potentialAction":[{"@type":"CommentAction","name":"Comment","target":["https:\/\/blogdofarnesio.com.br\/?p=100501#respond"]}]},{"@type":"WebPage","@id":"https:\/\/blogdofarnesio.com.br\/?p=100501","url":"https:\/\/blogdofarnesio.com.br\/?p=100501","name":"PROGRAMA DE SEGURAN\u00c7A ALIMENTAR DOS REBANHOS SER\u00c1 APRESENTADO NESTA SEXTA-FEIRA (26) PARA AGRICULTORES FAMILIARES DE JUAZEIRO - Blog do Farn\u00e9sio","isPartOf":{"@id":"https:\/\/blogdofarnesio.com.br\/#website"},"primaryImageOfPage":{"@id":"https:\/\/blogdofarnesio.com.br\/?p=100501#primaryimage"},"image":{"@id":"https:\/\/blogdofarnesio.com.br\/?p=100501#primaryimage"},"thumbnailUrl":"http:\/\/www.quersaberpolitica.com.br\/2016\/wp-content\/uploads\/2014\/09\/unnamed474-300x224.jpg","datePublished":"2014-09-26T14:34:38+00:00","breadcrumb":{"@id":"https:\/\/blogdofarnesio.com.br\/?p=100501#breadcrumb"},"inLanguage":"pt-BR","potentialAction":[{"@type":"ReadAction","target":["https:\/\/blogdofarnesio.com.br\/?p=100501"]}]},{"@type":"ImageObject","inLanguage":"pt-BR","@id":"https:\/\/blogdofarnesio.com.br\/?p=100501#primaryimage","url":"http:\/\/www.quersaberpolitica.com.br\/2016\/wp-content\/uploads\/2014\/09\/unnamed474-300x224.jpg","contentUrl":"http:\/\/www.quersaberpolitica.com.br\/2016\/wp-content\/uploads\/2014\/09\/unnamed474-300x224.jpg"},{"@type":"BreadcrumbList","@id":"https:\/\/blogdofarnesio.com.br\/?p=100501#breadcrumb","itemListElement":[{"@type":"ListItem","position":1,"name":"In\u00edcio","item":"https:\/\/blogdofarnesio.com.br\/"},{"@type":"ListItem","position":2,"name":"PROGRAMA DE SEGURAN\u00c7A ALIMENTAR DOS REBANHOS SER\u00c1 APRESENTADO NESTA SEXTA-FEIRA (26) PARA AGRICULTORES FAMILIARES DE JUAZEIRO"}]},{"@type":"WebSite","@id":"https:\/\/blogdofarnesio.com.br\/#website","url":"https:\/\/blogdofarnesio.com.br\/","name":"Blog do Farn\u00e9sio","description":"Quer Saber Pol\u00edtica?","publisher":{"@id":"https:\/\/blogdofarnesio.com.br\/#organization"},"potentialAction":[{"@type":"SearchAction","target":{"@type":"EntryPoint","urlTemplate":"https:\/\/blogdofarnesio.com.br\/?s={search_term_string}"},"query-input":{"@type":"PropertyValueSpecification","valueRequired":true,"valueName":"search_term_string"}}],"inLanguage":"pt-BR"},{"@type":"Organization","@id":"https:\/\/blogdofarnesio.com.br\/#organization","name":"Blog do Farn\u00e9sio","url":"https:\/\/blogdofarnesio.com.br\/","logo":{"@type":"ImageObject","inLanguage":"pt-BR","@id":"https:\/\/blogdofarnesio.com.br\/#\/schema\/logo\/image\/","url":"https:\/\/blogdofarnesio.com.br\/wp-content\/uploads\/2026\/03\/cropped-logo_new-1.png","contentUrl":"https:\/\/blogdofarnesio.com.br\/wp-content\/uploads\/2026\/03\/cropped-logo_new-1.png","width":881,"height":685,"caption":"Blog do Farn\u00e9sio"},"image":{"@id":"https:\/\/blogdofarnesio.com.br\/#\/schema\/logo\/image\/"},"sameAs":["https:\/\/www.facebook.com\/BlogQuerSaberPolitica\/"]},{"@type":"Person","@id":"https:\/\/blogdofarnesio.com.br\/#\/schema\/person\/dd1bf5eba40b687199ba45ca6b97dff9","name":"teste","image":{"@type":"ImageObject","inLanguage":"pt-BR","@id":"https:\/\/secure.gravatar.com\/avatar\/2172498d4914b51e1d89a0f97957b035ac4938723a5cac208135d389b6972a6d?s=96&d=mm&r=g","url":"https:\/\/secure.gravatar.com\/avatar\/2172498d4914b51e1d89a0f97957b035ac4938723a5cac208135d389b6972a6d?s=96&d=mm&r=g","contentUrl":"https:\/\/secure.gravatar.com\/avatar\/2172498d4914b51e1d89a0f97957b035ac4938723a5cac208135d389b6972a6d?s=96&d=mm&r=g","caption":"teste"},"url":"https:\/\/blogdofarnesio.com.br\/?author=3"}]}},"_links":{"self":[{"href":"https:\/\/blogdofarnesio.com.br\/index.php?rest_route=\/wp\/v2\/posts\/100501","targetHints":{"allow":["GET"]}}],"collection":[{"href":"https:\/\/blogdofarnesio.com.br\/index.php?rest_route=\/wp\/v2\/posts"}],"about":[{"href":"https:\/\/blogdofarnesio.com.br\/index.php?rest_route=\/wp\/v2\/types\/post"}],"author":[{"embeddable":true,"href":"https:\/\/blogdofarnesio.com.br\/index.php?rest_route=\/wp\/v2\/users\/3"}],"replies":[{"embeddable":true,"href":"https:\/\/blogdofarnesio.com.br\/index.php?rest_route=%2Fwp%2Fv2%2Fcomments&post=100501"}],"version-history":[{"count":0,"href":"https:\/\/blogdofarnesio.com.br\/index.php?rest_route=\/wp\/v2\/posts\/100501\/revisions"}],"wp:attachment":[{"href":"https:\/\/blogdofarnesio.com.br\/index.php?rest_route=%2Fwp%2Fv2%2Fmedia&parent=100501"}],"wp:term":[{"taxonomy":"category","embeddable":true,"href":"https:\/\/blogdofarnesio.com.br\/index.php?rest_route=%2Fwp%2Fv2%2Fcategories&post=100501"},{"taxonomy":"post_tag","embeddable":true,"href":"https:\/\/blogdofarnesio.com.br\/index.php?rest_route=%2Fwp%2Fv2%2Ftags&post=100501"}],"curies":[{"name":"wp","href":"https:\/\/api.w.org\/{rel}","templated":true}]}}