{"id":100013,"date":"2014-09-22T15:23:17","date_gmt":"2014-09-22T18:23:17","guid":{"rendered":"http:\/\/www.quersaberpolitica.com.br\/?p=100013"},"modified":"2014-09-22T14:59:36","modified_gmt":"2014-09-22T17:59:36","slug":"governador-wagner-diz-que-materia-da-veja-foi-comprada-e-que-pesquisa-de-hoje-vai-mostrar-empate-entre-rui-e-paulo-souto","status":"publish","type":"post","link":"https:\/\/blogdofarnesio.com.br\/?p=100013","title":{"rendered":"GOVERNADOR WAGNER DIZ QUE &#8220;MAT\u00c9RIA DA VEJA FOI COMPRADA&#8221; E QUE PESQUISA DE HOJE VAI MOSTRAR EMPATE ENTRE RUI E PAULO SOUTO"},"content":{"rendered":"<div>\n<div><img decoding=\"async\" class=\"aligncenter\" title=\"Wagner considera 'comprada' mat\u00e9ria da revista Veja sobre o Instituto Brasil\" alt=\"Wagner considera 'comprada' mat\u00e9ria da revista Veja sobre o Instituto Brasil\" src=\"http:\/\/www.bahianoticias.com.br\/fotos\/principal_noticias\/160675\/xIMAGEM_NOTICIA_5.jpg.pagespeed.ic.vTSwRd14JK.jpg\" \/><\/div>\n<div style=\"text-align: justify\">\u00a0<strong>BN<\/strong> &#8211;\u00a0<span style=\"text-align: justify\">A reportagem da \u00faltima edi\u00e7\u00e3o da revista Veja, publicada na \u00faltima sexta-feira (12), foi considerada como \u201ccomprada\u201d pelo governador Jaques Wagner. &#8220;Isso foi mat\u00e9ria comprada, algu\u00e9m da oposi\u00e7\u00e3o.<\/span><\/div>\n<\/div>\n<div style=\"text-align: justify\"><\/div>\n<div style=\"text-align: justify\">Quem n\u00e3o tinha dinheiro para pagar condom\u00ednio de repente pagou de uma vez s\u00f3 13 mil, 14 mil reais? Com certeza foi o dinheiro que ela recebeu para fazer essa bomb\u00e1stica revela\u00e7\u00e3o&#8221;, disse o gestor estadual ao programa da Record Bahia \u201cBalan\u00e7o Geral\u201d na manh\u00e3 desta segunda-feira (22), em refer\u00eancia a presidente do Instituto investigado, Dalva Sele. Al\u00e9m de considerar que a mat\u00e9ria \u00e9 \u201crequentada\u201d, ele disse que seria um ato de \u201cdesespero\u201d de advers\u00e1rios pelo fim da campanha eleitoral.<\/div>\n<div style=\"text-align: justify\"><\/div>\n<div style=\"text-align: justify\">A presidente da ONG apontou o candidato Rui Costa (PT) como um dos envolvidos no esquema. \u00a0&#8220;Das pessoas que est\u00e3o sendo citadas, cada um tem que responder. Um deles j\u00e1 respondeu (Rui Costa) e abriu processo criminal contra ela. Ela tinha esse instituto h\u00e1 muito tempo &#8211; foi contratada em 2005 e prestava servi\u00e7o j\u00e1 em 2006.<\/div>\n<div style=\"text-align: justify\"><\/div>\n<div style=\"text-align: justify\">Conseguiu um outro contato para fazer casas populares e na segunda presta\u00e7\u00e3o de contas delas, o secret\u00e1rio C\u00edcero [Monteiro] veio a mim e disse que a presta\u00e7\u00e3o estava inconsistente e eu mandei romper o contrato. Rompemos o contrato, n\u00e3o pagamos e ela n\u00e3o tem esse neg\u00f3cio desde 2010&#8243;.<\/div>\n<div style=\"text-align: justify\"><\/div>\n<div style=\"text-align: justify\">Segundo o governador, uma nova pesquisa que ser\u00e1 divulgada nesta segunda-feira (22) ir\u00e1 mostrar\u00e1 empate t\u00e9cnico entre Costa e Paulo Souto (DEM), atual l\u00edder das pesquisas. Os candidatos ao Senado Otto Alencar (PSD) e Geddel Vieira Lima (PMDB) tamb\u00e9m estariam empatados.<\/div>\n","protected":false},"excerpt":{"rendered":"<p>\u00a0BN &#8211;\u00a0A reportagem da \u00faltima edi\u00e7\u00e3o da revista Veja, publicada na \u00faltima sexta-feira (12), foi considerada como \u201ccomprada\u201d pelo governador Jaques Wagner. &#8220;Isso foi mat\u00e9ria comprada, algu\u00e9m da oposi\u00e7\u00e3o. Quem n\u00e3o tinha dinheiro para pagar condom\u00ednio de repente pagou de uma vez s\u00f3 13 mil, 14 mil reais? Com certeza foi o dinheiro que ela recebeu para fazer essa bomb\u00e1stica revela\u00e7\u00e3o&#8221;, disse o gestor estadual ao programa da Record Bahia \u201cBalan\u00e7o Geral\u201d na manh\u00e3 desta segunda-feira (22), em refer\u00eancia a presidente do Instituto investigado, Dalva Sele. Al\u00e9m de considerar que a mat\u00e9ria \u00e9 \u201crequentada\u201d, ele disse que seria um ato de \u201cdesespero\u201d de advers\u00e1rios pelo fim da campanha eleitoral. A presidente da ONG apontou o candidato Rui Costa (PT) como&hellip; <\/p>\n","protected":false},"author":3,"featured_media":0,"comment_status":"open","ping_status":"open","sticky":false,"template":"","format":"standard","meta":{"_acf_changed":false,"footnotes":""},"categories":[44,1],"tags":[],"class_list":["post-100013","post","type-post","status-publish","format-standard","hentry","category-administracao","category-politica"],"acf":[],"yoast_head":"<!-- This site is optimized with the Yoast SEO plugin v27.4 - https:\/\/yoast.com\/product\/yoast-seo-wordpress\/ -->\n<title>GOVERNADOR WAGNER DIZ QUE &quot;MAT\u00c9RIA DA VEJA FOI COMPRADA&quot; E QUE PESQUISA DE HOJE VAI MOSTRAR EMPATE ENTRE RUI E PAULO SOUTO - Blog do Farn\u00e9sio<\/title>\n<meta name=\"robots\" content=\"index, follow, max-snippet:-1, max-image-preview:large, max-video-preview:-1\" \/>\n<link rel=\"canonical\" href=\"https:\/\/blogdofarnesio.com.br\/?p=100013\" \/>\n<meta property=\"og:locale\" content=\"pt_BR\" \/>\n<meta property=\"og:type\" content=\"article\" \/>\n<meta property=\"og:title\" content=\"GOVERNADOR WAGNER DIZ QUE &quot;MAT\u00c9RIA DA VEJA FOI COMPRADA&quot; E QUE PESQUISA DE HOJE VAI MOSTRAR EMPATE ENTRE RUI E PAULO SOUTO - Blog do Farn\u00e9sio\" \/>\n<meta property=\"og:description\" content=\"\u00a0BN &#8211;\u00a0A reportagem da \u00faltima edi\u00e7\u00e3o da revista Veja, publicada na \u00faltima sexta-feira (12), foi considerada como \u201ccomprada\u201d pelo governador Jaques Wagner. &#8220;Isso foi mat\u00e9ria comprada, algu\u00e9m da oposi\u00e7\u00e3o. Quem n\u00e3o tinha dinheiro para pagar condom\u00ednio de repente pagou de uma vez s\u00f3 13 mil, 14 mil reais? Com certeza foi o dinheiro que ela recebeu para fazer essa bomb\u00e1stica revela\u00e7\u00e3o&#8221;, disse o gestor estadual ao programa da Record Bahia \u201cBalan\u00e7o Geral\u201d na manh\u00e3 desta segunda-feira (22), em refer\u00eancia a presidente do Instituto investigado, Dalva Sele. Al\u00e9m de considerar que a mat\u00e9ria \u00e9 \u201crequentada\u201d, ele disse que seria um ato de \u201cdesespero\u201d de advers\u00e1rios pelo fim da campanha eleitoral. A presidente da ONG apontou o candidato Rui Costa (PT) como&hellip;\" \/>\n<meta property=\"og:url\" content=\"https:\/\/blogdofarnesio.com.br\/?p=100013\" \/>\n<meta property=\"og:site_name\" content=\"Blog do Farn\u00e9sio\" \/>\n<meta property=\"article:publisher\" content=\"https:\/\/www.facebook.com\/BlogQuerSaberPolitica\/\" \/>\n<meta property=\"article:published_time\" content=\"2014-09-22T18:23:17+00:00\" \/>\n<meta property=\"og:image\" content=\"http:\/\/www.bahianoticias.com.br\/fotos\/principal_noticias\/160675\/xIMAGEM_NOTICIA_5.jpg.pagespeed.ic.vTSwRd14JK.jpg\" \/>\n<meta name=\"author\" content=\"teste\" \/>\n<meta name=\"twitter:card\" content=\"summary_large_image\" \/>\n<meta name=\"twitter:label1\" content=\"Escrito por\" \/>\n\t<meta name=\"twitter:data1\" content=\"teste\" \/>\n\t<meta name=\"twitter:label2\" content=\"Est. tempo de leitura\" \/>\n\t<meta name=\"twitter:data2\" content=\"1 minuto\" \/>\n<script type=\"application\/ld+json\" class=\"yoast-schema-graph\">{\"@context\":\"https:\\\/\\\/schema.org\",\"@graph\":[{\"@type\":\"Article\",\"@id\":\"https:\\\/\\\/blogdofarnesio.com.br\\\/?p=100013#article\",\"isPartOf\":{\"@id\":\"https:\\\/\\\/blogdofarnesio.com.br\\\/?p=100013\"},\"author\":{\"name\":\"teste\",\"@id\":\"https:\\\/\\\/blogdofarnesio.com.br\\\/#\\\/schema\\\/person\\\/dd1bf5eba40b687199ba45ca6b97dff9\"},\"headline\":\"GOVERNADOR WAGNER DIZ QUE &#8220;MAT\u00c9RIA DA VEJA FOI COMPRADA&#8221; E QUE PESQUISA DE HOJE VAI MOSTRAR EMPATE ENTRE RUI E PAULO SOUTO\",\"datePublished\":\"2014-09-22T18:23:17+00:00\",\"mainEntityOfPage\":{\"@id\":\"https:\\\/\\\/blogdofarnesio.com.br\\\/?p=100013\"},\"wordCount\":295,\"commentCount\":0,\"publisher\":{\"@id\":\"https:\\\/\\\/blogdofarnesio.com.br\\\/#organization\"},\"image\":{\"@id\":\"https:\\\/\\\/blogdofarnesio.com.br\\\/?p=100013#primaryimage\"},\"thumbnailUrl\":\"http:\\\/\\\/www.bahianoticias.com.br\\\/fotos\\\/principal_noticias\\\/160675\\\/xIMAGEM_NOTICIA_5.jpg.pagespeed.ic.vTSwRd14JK.jpg\",\"articleSection\":[\"Administra\u00e7\u00e3o\",\"Pol\u00edtica\"],\"inLanguage\":\"pt-BR\",\"potentialAction\":[{\"@type\":\"CommentAction\",\"name\":\"Comment\",\"target\":[\"https:\\\/\\\/blogdofarnesio.com.br\\\/?p=100013#respond\"]}]},{\"@type\":\"WebPage\",\"@id\":\"https:\\\/\\\/blogdofarnesio.com.br\\\/?p=100013\",\"url\":\"https:\\\/\\\/blogdofarnesio.com.br\\\/?p=100013\",\"name\":\"GOVERNADOR WAGNER DIZ QUE \\\"MAT\u00c9RIA DA VEJA FOI COMPRADA\\\" E QUE PESQUISA DE HOJE VAI MOSTRAR EMPATE ENTRE RUI E PAULO SOUTO - Blog do Farn\u00e9sio\",\"isPartOf\":{\"@id\":\"https:\\\/\\\/blogdofarnesio.com.br\\\/#website\"},\"primaryImageOfPage\":{\"@id\":\"https:\\\/\\\/blogdofarnesio.com.br\\\/?p=100013#primaryimage\"},\"image\":{\"@id\":\"https:\\\/\\\/blogdofarnesio.com.br\\\/?p=100013#primaryimage\"},\"thumbnailUrl\":\"http:\\\/\\\/www.bahianoticias.com.br\\\/fotos\\\/principal_noticias\\\/160675\\\/xIMAGEM_NOTICIA_5.jpg.pagespeed.ic.vTSwRd14JK.jpg\",\"datePublished\":\"2014-09-22T18:23:17+00:00\",\"breadcrumb\":{\"@id\":\"https:\\\/\\\/blogdofarnesio.com.br\\\/?p=100013#breadcrumb\"},\"inLanguage\":\"pt-BR\",\"potentialAction\":[{\"@type\":\"ReadAction\",\"target\":[\"https:\\\/\\\/blogdofarnesio.com.br\\\/?p=100013\"]}]},{\"@type\":\"ImageObject\",\"inLanguage\":\"pt-BR\",\"@id\":\"https:\\\/\\\/blogdofarnesio.com.br\\\/?p=100013#primaryimage\",\"url\":\"http:\\\/\\\/www.bahianoticias.com.br\\\/fotos\\\/principal_noticias\\\/160675\\\/xIMAGEM_NOTICIA_5.jpg.pagespeed.ic.vTSwRd14JK.jpg\",\"contentUrl\":\"http:\\\/\\\/www.bahianoticias.com.br\\\/fotos\\\/principal_noticias\\\/160675\\\/xIMAGEM_NOTICIA_5.jpg.pagespeed.ic.vTSwRd14JK.jpg\"},{\"@type\":\"BreadcrumbList\",\"@id\":\"https:\\\/\\\/blogdofarnesio.com.br\\\/?p=100013#breadcrumb\",\"itemListElement\":[{\"@type\":\"ListItem\",\"position\":1,\"name\":\"In\u00edcio\",\"item\":\"https:\\\/\\\/blogdofarnesio.com.br\\\/\"},{\"@type\":\"ListItem\",\"position\":2,\"name\":\"GOVERNADOR WAGNER DIZ QUE &#8220;MAT\u00c9RIA DA VEJA FOI COMPRADA&#8221; E QUE PESQUISA DE HOJE VAI MOSTRAR EMPATE ENTRE RUI E PAULO SOUTO\"}]},{\"@type\":\"WebSite\",\"@id\":\"https:\\\/\\\/blogdofarnesio.com.br\\\/#website\",\"url\":\"https:\\\/\\\/blogdofarnesio.com.br\\\/\",\"name\":\"Blog do Farn\u00e9sio\",\"description\":\"Quer Saber Pol\u00edtica?\",\"publisher\":{\"@id\":\"https:\\\/\\\/blogdofarnesio.com.br\\\/#organization\"},\"potentialAction\":[{\"@type\":\"SearchAction\",\"target\":{\"@type\":\"EntryPoint\",\"urlTemplate\":\"https:\\\/\\\/blogdofarnesio.com.br\\\/?s={search_term_string}\"},\"query-input\":{\"@type\":\"PropertyValueSpecification\",\"valueRequired\":true,\"valueName\":\"search_term_string\"}}],\"inLanguage\":\"pt-BR\"},{\"@type\":\"Organization\",\"@id\":\"https:\\\/\\\/blogdofarnesio.com.br\\\/#organization\",\"name\":\"Blog do Farn\u00e9sio\",\"url\":\"https:\\\/\\\/blogdofarnesio.com.br\\\/\",\"logo\":{\"@type\":\"ImageObject\",\"inLanguage\":\"pt-BR\",\"@id\":\"https:\\\/\\\/blogdofarnesio.com.br\\\/#\\\/schema\\\/logo\\\/image\\\/\",\"url\":\"https:\\\/\\\/blogdofarnesio.com.br\\\/wp-content\\\/uploads\\\/2026\\\/03\\\/cropped-logo_new-1.png\",\"contentUrl\":\"https:\\\/\\\/blogdofarnesio.com.br\\\/wp-content\\\/uploads\\\/2026\\\/03\\\/cropped-logo_new-1.png\",\"width\":881,\"height\":685,\"caption\":\"Blog do Farn\u00e9sio\"},\"image\":{\"@id\":\"https:\\\/\\\/blogdofarnesio.com.br\\\/#\\\/schema\\\/logo\\\/image\\\/\"},\"sameAs\":[\"https:\\\/\\\/www.facebook.com\\\/BlogQuerSaberPolitica\\\/\"]},{\"@type\":\"Person\",\"@id\":\"https:\\\/\\\/blogdofarnesio.com.br\\\/#\\\/schema\\\/person\\\/dd1bf5eba40b687199ba45ca6b97dff9\",\"name\":\"teste\",\"image\":{\"@type\":\"ImageObject\",\"inLanguage\":\"pt-BR\",\"@id\":\"https:\\\/\\\/secure.gravatar.com\\\/avatar\\\/2172498d4914b51e1d89a0f97957b035ac4938723a5cac208135d389b6972a6d?s=96&d=mm&r=g\",\"url\":\"https:\\\/\\\/secure.gravatar.com\\\/avatar\\\/2172498d4914b51e1d89a0f97957b035ac4938723a5cac208135d389b6972a6d?s=96&d=mm&r=g\",\"contentUrl\":\"https:\\\/\\\/secure.gravatar.com\\\/avatar\\\/2172498d4914b51e1d89a0f97957b035ac4938723a5cac208135d389b6972a6d?s=96&d=mm&r=g\",\"caption\":\"teste\"},\"url\":\"https:\\\/\\\/blogdofarnesio.com.br\\\/?author=3\"}]}<\/script>\n<!-- \/ Yoast SEO plugin. -->","yoast_head_json":{"title":"GOVERNADOR WAGNER DIZ QUE \"MAT\u00c9RIA DA VEJA FOI COMPRADA\" E QUE PESQUISA DE HOJE VAI MOSTRAR EMPATE ENTRE RUI E PAULO SOUTO - Blog do Farn\u00e9sio","robots":{"index":"index","follow":"follow","max-snippet":"max-snippet:-1","max-image-preview":"max-image-preview:large","max-video-preview":"max-video-preview:-1"},"canonical":"https:\/\/blogdofarnesio.com.br\/?p=100013","og_locale":"pt_BR","og_type":"article","og_title":"GOVERNADOR WAGNER DIZ QUE \"MAT\u00c9RIA DA VEJA FOI COMPRADA\" E QUE PESQUISA DE HOJE VAI MOSTRAR EMPATE ENTRE RUI E PAULO SOUTO - Blog do Farn\u00e9sio","og_description":"\u00a0BN &#8211;\u00a0A reportagem da \u00faltima edi\u00e7\u00e3o da revista Veja, publicada na \u00faltima sexta-feira (12), foi considerada como \u201ccomprada\u201d pelo governador Jaques Wagner. &#8220;Isso foi mat\u00e9ria comprada, algu\u00e9m da oposi\u00e7\u00e3o. Quem n\u00e3o tinha dinheiro para pagar condom\u00ednio de repente pagou de uma vez s\u00f3 13 mil, 14 mil reais? Com certeza foi o dinheiro que ela recebeu para fazer essa bomb\u00e1stica revela\u00e7\u00e3o&#8221;, disse o gestor estadual ao programa da Record Bahia \u201cBalan\u00e7o Geral\u201d na manh\u00e3 desta segunda-feira (22), em refer\u00eancia a presidente do Instituto investigado, Dalva Sele. Al\u00e9m de considerar que a mat\u00e9ria \u00e9 \u201crequentada\u201d, ele disse que seria um ato de \u201cdesespero\u201d de advers\u00e1rios pelo fim da campanha eleitoral. A presidente da ONG apontou o candidato Rui Costa (PT) como&hellip;","og_url":"https:\/\/blogdofarnesio.com.br\/?p=100013","og_site_name":"Blog do Farn\u00e9sio","article_publisher":"https:\/\/www.facebook.com\/BlogQuerSaberPolitica\/","article_published_time":"2014-09-22T18:23:17+00:00","og_image":[{"url":"http:\/\/www.bahianoticias.com.br\/fotos\/principal_noticias\/160675\/xIMAGEM_NOTICIA_5.jpg.pagespeed.ic.vTSwRd14JK.jpg","type":"","width":"","height":""}],"author":"teste","twitter_card":"summary_large_image","twitter_misc":{"Escrito por":"teste","Est. tempo de leitura":"1 minuto"},"schema":{"@context":"https:\/\/schema.org","@graph":[{"@type":"Article","@id":"https:\/\/blogdofarnesio.com.br\/?p=100013#article","isPartOf":{"@id":"https:\/\/blogdofarnesio.com.br\/?p=100013"},"author":{"name":"teste","@id":"https:\/\/blogdofarnesio.com.br\/#\/schema\/person\/dd1bf5eba40b687199ba45ca6b97dff9"},"headline":"GOVERNADOR WAGNER DIZ QUE &#8220;MAT\u00c9RIA DA VEJA FOI COMPRADA&#8221; E QUE PESQUISA DE HOJE VAI MOSTRAR EMPATE ENTRE RUI E PAULO SOUTO","datePublished":"2014-09-22T18:23:17+00:00","mainEntityOfPage":{"@id":"https:\/\/blogdofarnesio.com.br\/?p=100013"},"wordCount":295,"commentCount":0,"publisher":{"@id":"https:\/\/blogdofarnesio.com.br\/#organization"},"image":{"@id":"https:\/\/blogdofarnesio.com.br\/?p=100013#primaryimage"},"thumbnailUrl":"http:\/\/www.bahianoticias.com.br\/fotos\/principal_noticias\/160675\/xIMAGEM_NOTICIA_5.jpg.pagespeed.ic.vTSwRd14JK.jpg","articleSection":["Administra\u00e7\u00e3o","Pol\u00edtica"],"inLanguage":"pt-BR","potentialAction":[{"@type":"CommentAction","name":"Comment","target":["https:\/\/blogdofarnesio.com.br\/?p=100013#respond"]}]},{"@type":"WebPage","@id":"https:\/\/blogdofarnesio.com.br\/?p=100013","url":"https:\/\/blogdofarnesio.com.br\/?p=100013","name":"GOVERNADOR WAGNER DIZ QUE \"MAT\u00c9RIA DA VEJA FOI COMPRADA\" E QUE PESQUISA DE HOJE VAI MOSTRAR EMPATE ENTRE RUI E PAULO SOUTO - Blog do Farn\u00e9sio","isPartOf":{"@id":"https:\/\/blogdofarnesio.com.br\/#website"},"primaryImageOfPage":{"@id":"https:\/\/blogdofarnesio.com.br\/?p=100013#primaryimage"},"image":{"@id":"https:\/\/blogdofarnesio.com.br\/?p=100013#primaryimage"},"thumbnailUrl":"http:\/\/www.bahianoticias.com.br\/fotos\/principal_noticias\/160675\/xIMAGEM_NOTICIA_5.jpg.pagespeed.ic.vTSwRd14JK.jpg","datePublished":"2014-09-22T18:23:17+00:00","breadcrumb":{"@id":"https:\/\/blogdofarnesio.com.br\/?p=100013#breadcrumb"},"inLanguage":"pt-BR","potentialAction":[{"@type":"ReadAction","target":["https:\/\/blogdofarnesio.com.br\/?p=100013"]}]},{"@type":"ImageObject","inLanguage":"pt-BR","@id":"https:\/\/blogdofarnesio.com.br\/?p=100013#primaryimage","url":"http:\/\/www.bahianoticias.com.br\/fotos\/principal_noticias\/160675\/xIMAGEM_NOTICIA_5.jpg.pagespeed.ic.vTSwRd14JK.jpg","contentUrl":"http:\/\/www.bahianoticias.com.br\/fotos\/principal_noticias\/160675\/xIMAGEM_NOTICIA_5.jpg.pagespeed.ic.vTSwRd14JK.jpg"},{"@type":"BreadcrumbList","@id":"https:\/\/blogdofarnesio.com.br\/?p=100013#breadcrumb","itemListElement":[{"@type":"ListItem","position":1,"name":"In\u00edcio","item":"https:\/\/blogdofarnesio.com.br\/"},{"@type":"ListItem","position":2,"name":"GOVERNADOR WAGNER DIZ QUE &#8220;MAT\u00c9RIA DA VEJA FOI COMPRADA&#8221; E QUE PESQUISA DE HOJE VAI MOSTRAR EMPATE ENTRE RUI E PAULO SOUTO"}]},{"@type":"WebSite","@id":"https:\/\/blogdofarnesio.com.br\/#website","url":"https:\/\/blogdofarnesio.com.br\/","name":"Blog do Farn\u00e9sio","description":"Quer Saber Pol\u00edtica?","publisher":{"@id":"https:\/\/blogdofarnesio.com.br\/#organization"},"potentialAction":[{"@type":"SearchAction","target":{"@type":"EntryPoint","urlTemplate":"https:\/\/blogdofarnesio.com.br\/?s={search_term_string}"},"query-input":{"@type":"PropertyValueSpecification","valueRequired":true,"valueName":"search_term_string"}}],"inLanguage":"pt-BR"},{"@type":"Organization","@id":"https:\/\/blogdofarnesio.com.br\/#organization","name":"Blog do Farn\u00e9sio","url":"https:\/\/blogdofarnesio.com.br\/","logo":{"@type":"ImageObject","inLanguage":"pt-BR","@id":"https:\/\/blogdofarnesio.com.br\/#\/schema\/logo\/image\/","url":"https:\/\/blogdofarnesio.com.br\/wp-content\/uploads\/2026\/03\/cropped-logo_new-1.png","contentUrl":"https:\/\/blogdofarnesio.com.br\/wp-content\/uploads\/2026\/03\/cropped-logo_new-1.png","width":881,"height":685,"caption":"Blog do Farn\u00e9sio"},"image":{"@id":"https:\/\/blogdofarnesio.com.br\/#\/schema\/logo\/image\/"},"sameAs":["https:\/\/www.facebook.com\/BlogQuerSaberPolitica\/"]},{"@type":"Person","@id":"https:\/\/blogdofarnesio.com.br\/#\/schema\/person\/dd1bf5eba40b687199ba45ca6b97dff9","name":"teste","image":{"@type":"ImageObject","inLanguage":"pt-BR","@id":"https:\/\/secure.gravatar.com\/avatar\/2172498d4914b51e1d89a0f97957b035ac4938723a5cac208135d389b6972a6d?s=96&d=mm&r=g","url":"https:\/\/secure.gravatar.com\/avatar\/2172498d4914b51e1d89a0f97957b035ac4938723a5cac208135d389b6972a6d?s=96&d=mm&r=g","contentUrl":"https:\/\/secure.gravatar.com\/avatar\/2172498d4914b51e1d89a0f97957b035ac4938723a5cac208135d389b6972a6d?s=96&d=mm&r=g","caption":"teste"},"url":"https:\/\/blogdofarnesio.com.br\/?author=3"}]}},"_links":{"self":[{"href":"https:\/\/blogdofarnesio.com.br\/index.php?rest_route=\/wp\/v2\/posts\/100013","targetHints":{"allow":["GET"]}}],"collection":[{"href":"https:\/\/blogdofarnesio.com.br\/index.php?rest_route=\/wp\/v2\/posts"}],"about":[{"href":"https:\/\/blogdofarnesio.com.br\/index.php?rest_route=\/wp\/v2\/types\/post"}],"author":[{"embeddable":true,"href":"https:\/\/blogdofarnesio.com.br\/index.php?rest_route=\/wp\/v2\/users\/3"}],"replies":[{"embeddable":true,"href":"https:\/\/blogdofarnesio.com.br\/index.php?rest_route=%2Fwp%2Fv2%2Fcomments&post=100013"}],"version-history":[{"count":0,"href":"https:\/\/blogdofarnesio.com.br\/index.php?rest_route=\/wp\/v2\/posts\/100013\/revisions"}],"wp:attachment":[{"href":"https:\/\/blogdofarnesio.com.br\/index.php?rest_route=%2Fwp%2Fv2%2Fmedia&parent=100013"}],"wp:term":[{"taxonomy":"category","embeddable":true,"href":"https:\/\/blogdofarnesio.com.br\/index.php?rest_route=%2Fwp%2Fv2%2Fcategories&post=100013"},{"taxonomy":"post_tag","embeddable":true,"href":"https:\/\/blogdofarnesio.com.br\/index.php?rest_route=%2Fwp%2Fv2%2Ftags&post=100013"}],"curies":[{"name":"wp","href":"https:\/\/api.w.org\/{rel}","templated":true}]}}